{"id":2051,"date":"2018-07-03T09:51:25","date_gmt":"2018-07-03T09:51:25","guid":{"rendered":"https:\/\/www.biovertix.com\/que-relacion-hay-entre-los-dientes-y-la-columna-vertebral\/"},"modified":"2023-12-18T12:22:54","modified_gmt":"2023-12-18T12:22:54","slug":"que-relacion-hay-entre-los-dientes-y-la-columna-vertebral","status":"publish","type":"post","link":"https:\/\/www.biovertix.com\/en\/que-relacion-hay-entre-los-dientes-y-la-columna-vertebral\/","title":{"rendered":"\u00bfQu\u00e9 relaci\u00f3n hay entre los dientes y la columna vertebral?"},"content":{"rendered":"<p><img loading=\"lazy\" decoding=\"async\" class=\"size-full wp-image-1994 alignleft\" src=\"https:\/\/www.biovertix.com\/wp-content\/uploads\/2021\/10\/olaru.jpg\" alt=\"\" width=\"200\" height=\"200\" srcset=\"https:\/\/www.biovertix.com\/wp-content\/uploads\/2021\/10\/olaru.jpg 200w, https:\/\/www.biovertix.com\/wp-content\/uploads\/2021\/10\/olaru-150x150.jpg 150w\" sizes=\"auto, (max-width: 200px) 100vw, 200px\" \/> <strong>Angela Olaru<\/strong><\/p>\n<p>Dra. en Atenci\u00f3n Primaria, UIC, Barcelona, Espa\u00f1a<\/p>\n<p>Doctor of Chiropractic, SCU, LACC, USA<\/p>\n<p>BSc Human Biology, SCU, USA<\/p>\n<p>En los \u00faltimos decenios se han publicado diversos art\u00edculos cient\u00edficos que demuestran una importante relaci\u00f3n entre la oclusi\u00f3n dental y algunas patolog\u00edas de la columna vertebral.<\/p>\n<p>Un equipo de quiropr\u00e1cticos y odont\u00f3logos italianos, publicaron en los a\u00f1os \u201890 un estudio llevado a cabo con adolescentes que demostraba una <strong>estrecha relaci\u00f3n entre la oclusi\u00f3n dental incorrecta y el desarrollo de la escoliosis<\/strong>.<a href=\"https:\/\/www.angelaolaru.com\/que-relacion-hay-entre-los-dientes-y-la-columna-vertebral\/#_ftn1\" name=\"_ftnref1\">[1]<\/a> Los investigadores encontraron que <strong>la oclusi\u00f3n dental incorrecta altera la biomec\u00e1nica de la columna vertebral<\/strong> creando <strong>\u2018estr\u00e9s descendente\u2019<\/strong>. El termino se refiere a una alteraci\u00f3n biomec\u00e1nica que desciende desde arriba (boca), hacia abajo (columna).<\/p>\n<p>Se produce debido a contactos incorrectos de las c\u00faspides dentales, que suelen aparecer como consecuencia de trabajos dentales: <strong>ortodoncia, extracciones, empastes, fundas, implantes<\/strong>. Tambi\u00e9n pueden aparecer a causa de <strong>bruxismo<\/strong> nocturno (rechinar de dientes).<strong>\u00a0 <\/strong>En presencia de contactos dentales desiguales, cuando deglutimos, los m\u00fasculos masticatorios se contraen de manera asim\u00e9trica.<\/p>\n<p>La degluci\u00f3n \u2013 tragar la saliva \u2013 es un reflejo aut\u00f3nomo como la respiraci\u00f3n. Significa que no podemos pararlo voluntariamente excepto durante pocos minutos. Visto que deglutimos miles de veces cada d\u00eda y cada noche, la desigualdad de contracci\u00f3n de los m\u00fasculos masticatorio<img loading=\"lazy\" decoding=\"async\" class=\"size-full wp-image-1988 alignright\" src=\"https:\/\/www.biovertix.com\/wp-content\/uploads\/2021\/10\/hombros.jpg\" alt=\"\" width=\"113\" height=\"176\" \/>s<\/p>\n<p>desciende, creando contracci\u00f3n asim\u00e9trica en los m\u00fasculos suboccipitales (de la nuca) y en los paravertebrales (que se insertan en las v\u00e9rtebras). Consecuentemente algunas vertebras pierden su alineaci\u00f3n normal, se giran o, se inclinan hacia la parte donde los m\u00fasculos tiran m\u00e1s.<\/p>\n<p><strong>El mayor impacto lo tienen las v\u00e9rtebras cervicales<\/strong>. Como consecuencia se rectifica la lordosis cervical, se inclina la cabeza y aparecen contracturas, dolor cervical, cefalea o migra\u00f1a.<a href=\"https:\/\/www.angelaolaru.com\/que-relacion-hay-entre-los-dientes-y-la-columna-vertebral\/#_ftn2\" name=\"_ftnref2\">[2]<\/a> <a href=\"https:\/\/www.angelaolaru.com\/que-relacion-hay-entre-los-dientes-y-la-columna-vertebral\/#_ftn3\" name=\"_ftnref3\">[3]<\/a><\/p>\n<p><img loading=\"lazy\" decoding=\"async\" class=\"size-full wp-image-1991 alignleft\" src=\"https:\/\/www.biovertix.com\/wp-content\/uploads\/2021\/10\/lumbares.jpg\" alt=\"\" width=\"200\" height=\"281\" \/>Al mismo tiempo, debido a que los m\u00fasculos paravertebrales est\u00e1n envueltos en la misma funda, llamada \u2018fascia muscular\u2019, una contractura cervical afecta tambi\u00e9n la columna dorsal, lumbar y la pelvis. Suele aparecer una escoliosis compensatoria y frecuente dolor de espalda.<\/p>\n<p>De hecho, en nuestro centro quiropr\u00e1ctico, encontramos frecuentemente casos de pacientes cuyo dolor de cabeza, de cuello o de espalda eran consecuencia de una mala oclusi\u00f3n dental.<\/p>\n<p>&nbsp;<\/p>\n<p><a href=\"https:\/\/www.angelaolaru.com\/que-relacion-hay-entre-los-dientes-y-la-columna-vertebral\/#_ftnref1\" name=\"_ftn1\"><strong>[1]<\/strong><\/a> Guaglio, G., Seru, P.P., Zucchi, E., Disgnazie come causa di scoliosi, in \u201cBollettino d\u2019informazioni Qrtodontiche\u201d, n. 12, Firenze, Aprile 1991.<\/p>\n<p><a href=\"https:\/\/www.angelaolaru.com\/que-relacion-hay-entre-los-dientes-y-la-columna-vertebral\/#_ftnref2\" name=\"_ftn2\">[2]<\/a> <a href=\"http:\/\/www.ncbi.nlm.nih.gov\/pubmed\/11347659\">Eur J Oral Sci.<\/a> 2001 Apr;109(2):76-80. Prevalence of cervical spinal pain in craniomandibular pain patients. <a href=\"http:\/\/www.ncbi.nlm.nih.gov\/pubmed?term=Visscher%20CM%5BAuthor%5D&amp;cauthor=true&amp;cauthor_uid=11347659\">Visscher CM<\/a>, <a href=\"http:\/\/www.ncbi.nlm.nih.gov\/pubmed?term=Lobbezoo%20F%5BAuthor%5D&amp;cauthor=true&amp;cauthor_uid=11347659\">Lobbezoo F<\/a>, <a href=\"http:\/\/www.ncbi.nlm.nih.gov\/pubmed?term=de%20Boer%20W%5BAuthor%5D&amp;cauthor=true&amp;cauthor_uid=11347659\">de Boer W<\/a>, <a href=\"http:\/\/www.ncbi.nlm.nih.gov\/pubmed?term=van%20der%20Zaag%20J%5BAuthor%5D&amp;cauthor=true&amp;cauthor_uid=11347659\">van der Zaag J<\/a>, <a href=\"http:\/\/www.ncbi.nlm.nih.gov\/pubmed?term=Naeije%20M%5BAuthor%5D&amp;cauthor=true&amp;cauthor_uid=11347659\">Naeije M<\/a>.<\/p>\n<p><a href=\"https:\/\/www.angelaolaru.com\/que-relacion-hay-entre-los-dientes-y-la-columna-vertebral\/#_ftnref3\" name=\"_ftn3\">[3]<\/a> <a href=\"http:\/\/www.ncbi.nlm.nih.gov\/pubmed\/23077353\">BMJ.<\/a> 2012 Oct 17;345:e6892. doi: 10.1136\/bmj.e6892.Dental occlusion problems are a major cause of headache.<a href=\"http:\/\/www.ncbi.nlm.nih.gov\/pubmed?term=Kilcoyne%20A%5BAuthor%5D&amp;cauthor=true&amp;cauthor_uid=23077353\">Kilcoyne A<\/a>.<\/p>\n","protected":false},"excerpt":{"rendered":"<p>Angela Olaru Dra. en Atenci\u00f3n Primaria, UIC, Barcelona, Espa\u00f1a Doctor of Chiropractic, SCU, LACC, USA BSc Human Biology, SCU, USA En los \u00faltimos decenios se han publicado diversos art\u00edculos cient\u00edficos que demuestran una importante relaci\u00f3n entre la oclusi\u00f3n dental y algunas patolog\u00edas de la columna vertebral. Un equipo de quiropr\u00e1cticos y odont\u00f3logos italianos, publicaron en&hellip;<\/p>\n","protected":false},"author":1,"featured_media":0,"comment_status":"closed","ping_status":"closed","sticky":false,"template":"","format":"standard","meta":{"footnotes":""},"categories":[51,67],"tags":[],"class_list":["post-2051","post","type-post","status-publish","format-standard","hentry","category-articles-en","category-chiropractic","category-51","category-67","description-off"],"yoast_head":"<!-- This site is optimized with the Yoast SEO plugin v27.4 - https:\/\/yoast.com\/product\/yoast-seo-wordpress\/ -->\n<title>\u00bfQu\u00e9 relaci\u00f3n hay entre los dientes y la columna vertebral? - Biovertix - Centro de salud integral.<\/title>\n<meta name=\"robots\" content=\"index, follow, max-snippet:-1, max-image-preview:large, max-video-preview:-1\" \/>\n<link rel=\"canonical\" href=\"https:\/\/www.biovertix.com\/en\/que-relacion-hay-entre-los-dientes-y-la-columna-vertebral\/\" \/>\n<meta property=\"og:locale\" content=\"en_US\" \/>\n<meta property=\"og:type\" content=\"article\" \/>\n<meta property=\"og:title\" content=\"\u00bfQu\u00e9 relaci\u00f3n hay entre los dientes y la columna vertebral? - Biovertix - Centro de salud integral.\" \/>\n<meta property=\"og:description\" content=\"Angela Olaru Dra. en Atenci\u00f3n Primaria, UIC, Barcelona, Espa\u00f1a Doctor of Chiropractic, SCU, LACC, USA BSc Human Biology, SCU, USA En los \u00faltimos decenios se han publicado diversos art\u00edculos cient\u00edficos que demuestran una importante relaci\u00f3n entre la oclusi\u00f3n dental y algunas patolog\u00edas de la columna vertebral. Un equipo de quiropr\u00e1cticos y odont\u00f3logos italianos, publicaron en&hellip;\" \/>\n<meta property=\"og:url\" content=\"https:\/\/www.biovertix.com\/en\/que-relacion-hay-entre-los-dientes-y-la-columna-vertebral\/\" \/>\n<meta property=\"og:site_name\" content=\"Biovertix - Centro de salud integral.\" \/>\n<meta property=\"article:publisher\" content=\"https:\/\/www.facebook.com\/doctoraolaru\" \/>\n<meta property=\"article:published_time\" content=\"2018-07-03T09:51:25+00:00\" \/>\n<meta property=\"article:modified_time\" content=\"2023-12-18T12:22:54+00:00\" \/>\n<meta property=\"og:image\" content=\"https:\/\/www.biovertix.com\/wp-content\/uploads\/2021\/10\/olaru.jpg\" \/>\n\t<meta property=\"og:image:width\" content=\"200\" \/>\n\t<meta property=\"og:image:height\" content=\"200\" \/>\n\t<meta property=\"og:image:type\" content=\"image\/jpeg\" \/>\n<meta name=\"author\" content=\"admin\" \/>\n<meta name=\"twitter:card\" content=\"summary_large_image\" \/>\n<meta name=\"twitter:label1\" content=\"Written by\" \/>\n\t<meta name=\"twitter:data1\" content=\"admin\" \/>\n\t<meta name=\"twitter:label2\" content=\"Est. reading time\" \/>\n\t<meta name=\"twitter:data2\" content=\"2 minutes\" \/>\n<script type=\"application\/ld+json\" class=\"yoast-schema-graph\">{\"@context\":\"https:\\\/\\\/schema.org\",\"@graph\":[{\"@type\":\"Article\",\"@id\":\"https:\\\/\\\/www.biovertix.com\\\/en\\\/que-relacion-hay-entre-los-dientes-y-la-columna-vertebral\\\/#article\",\"isPartOf\":{\"@id\":\"https:\\\/\\\/www.biovertix.com\\\/en\\\/que-relacion-hay-entre-los-dientes-y-la-columna-vertebral\\\/\"},\"author\":{\"name\":\"admin\",\"@id\":\"https:\\\/\\\/www.biovertix.com\\\/#\\\/schema\\\/person\\\/cb99eb1f260522a24e94b0ed9599e60c\"},\"headline\":\"\u00bfQu\u00e9 relaci\u00f3n hay entre los dientes y la columna vertebral?\",\"datePublished\":\"2018-07-03T09:51:25+00:00\",\"dateModified\":\"2023-12-18T12:22:54+00:00\",\"mainEntityOfPage\":{\"@id\":\"https:\\\/\\\/www.biovertix.com\\\/en\\\/que-relacion-hay-entre-los-dientes-y-la-columna-vertebral\\\/\"},\"wordCount\":458,\"publisher\":{\"@id\":\"https:\\\/\\\/www.biovertix.com\\\/#organization\"},\"image\":{\"@id\":\"https:\\\/\\\/www.biovertix.com\\\/en\\\/que-relacion-hay-entre-los-dientes-y-la-columna-vertebral\\\/#primaryimage\"},\"thumbnailUrl\":\"https:\\\/\\\/www.biovertix.com\\\/wp-content\\\/uploads\\\/2021\\\/10\\\/olaru.jpg\",\"articleSection\":[\"Articles\",\"Chiropractic\"],\"inLanguage\":\"en-US\"},{\"@type\":\"WebPage\",\"@id\":\"https:\\\/\\\/www.biovertix.com\\\/en\\\/que-relacion-hay-entre-los-dientes-y-la-columna-vertebral\\\/\",\"url\":\"https:\\\/\\\/www.biovertix.com\\\/en\\\/que-relacion-hay-entre-los-dientes-y-la-columna-vertebral\\\/\",\"name\":\"\u00bfQu\u00e9 relaci\u00f3n hay entre los dientes y la columna vertebral? - Biovertix - Centro de salud integral.\",\"isPartOf\":{\"@id\":\"https:\\\/\\\/www.biovertix.com\\\/#website\"},\"primaryImageOfPage\":{\"@id\":\"https:\\\/\\\/www.biovertix.com\\\/en\\\/que-relacion-hay-entre-los-dientes-y-la-columna-vertebral\\\/#primaryimage\"},\"image\":{\"@id\":\"https:\\\/\\\/www.biovertix.com\\\/en\\\/que-relacion-hay-entre-los-dientes-y-la-columna-vertebral\\\/#primaryimage\"},\"thumbnailUrl\":\"https:\\\/\\\/www.biovertix.com\\\/wp-content\\\/uploads\\\/2021\\\/10\\\/olaru.jpg\",\"datePublished\":\"2018-07-03T09:51:25+00:00\",\"dateModified\":\"2023-12-18T12:22:54+00:00\",\"breadcrumb\":{\"@id\":\"https:\\\/\\\/www.biovertix.com\\\/en\\\/que-relacion-hay-entre-los-dientes-y-la-columna-vertebral\\\/#breadcrumb\"},\"inLanguage\":\"en-US\",\"potentialAction\":[{\"@type\":\"ReadAction\",\"target\":[\"https:\\\/\\\/www.biovertix.com\\\/en\\\/que-relacion-hay-entre-los-dientes-y-la-columna-vertebral\\\/\"]}]},{\"@type\":\"ImageObject\",\"inLanguage\":\"en-US\",\"@id\":\"https:\\\/\\\/www.biovertix.com\\\/en\\\/que-relacion-hay-entre-los-dientes-y-la-columna-vertebral\\\/#primaryimage\",\"url\":\"https:\\\/\\\/www.biovertix.com\\\/wp-content\\\/uploads\\\/2021\\\/10\\\/olaru.jpg\",\"contentUrl\":\"https:\\\/\\\/www.biovertix.com\\\/wp-content\\\/uploads\\\/2021\\\/10\\\/olaru.jpg\"},{\"@type\":\"BreadcrumbList\",\"@id\":\"https:\\\/\\\/www.biovertix.com\\\/en\\\/que-relacion-hay-entre-los-dientes-y-la-columna-vertebral\\\/#breadcrumb\",\"itemListElement\":[{\"@type\":\"ListItem\",\"position\":1,\"name\":\"Portada\",\"item\":\"https:\\\/\\\/www.biovertix.com\\\/en\\\/inicio\\\/\"},{\"@type\":\"ListItem\",\"position\":2,\"name\":\"\u00bfQu\u00e9 relaci\u00f3n hay entre los dientes y la columna vertebral?\"}]},{\"@type\":\"WebSite\",\"@id\":\"https:\\\/\\\/www.biovertix.com\\\/#website\",\"url\":\"https:\\\/\\\/www.biovertix.com\\\/\",\"name\":\"Biovertix - Centro de salud integral.\",\"description\":\"Salud integrativa y quiropr\u00e1ctica en Barcelona\",\"publisher\":{\"@id\":\"https:\\\/\\\/www.biovertix.com\\\/#organization\"},\"potentialAction\":[{\"@type\":\"SearchAction\",\"target\":{\"@type\":\"EntryPoint\",\"urlTemplate\":\"https:\\\/\\\/www.biovertix.com\\\/?s={search_term_string}\"},\"query-input\":{\"@type\":\"PropertyValueSpecification\",\"valueRequired\":true,\"valueName\":\"search_term_string\"}}],\"inLanguage\":\"en-US\"},{\"@type\":\"Organization\",\"@id\":\"https:\\\/\\\/www.biovertix.com\\\/#organization\",\"name\":\"Biovertix - Centro de salud integral.\",\"url\":\"https:\\\/\\\/www.biovertix.com\\\/\",\"logo\":{\"@type\":\"ImageObject\",\"inLanguage\":\"en-US\",\"@id\":\"https:\\\/\\\/www.biovertix.com\\\/#\\\/schema\\\/logo\\\/image\\\/\",\"url\":\"https:\\\/\\\/www.biovertix.com\\\/wp-content\\\/uploads\\\/2021\\\/07\\\/biovertix-retina.png\",\"contentUrl\":\"https:\\\/\\\/www.biovertix.com\\\/wp-content\\\/uploads\\\/2021\\\/07\\\/biovertix-retina.png\",\"width\":364,\"height\":170,\"caption\":\"Biovertix - Centro de salud integral.\"},\"image\":{\"@id\":\"https:\\\/\\\/www.biovertix.com\\\/#\\\/schema\\\/logo\\\/image\\\/\"},\"sameAs\":[\"https:\\\/\\\/www.facebook.com\\\/doctoraolaru\"]},{\"@type\":\"Person\",\"@id\":\"https:\\\/\\\/www.biovertix.com\\\/#\\\/schema\\\/person\\\/cb99eb1f260522a24e94b0ed9599e60c\",\"name\":\"admin\",\"image\":{\"@type\":\"ImageObject\",\"inLanguage\":\"en-US\",\"@id\":\"https:\\\/\\\/secure.gravatar.com\\\/avatar\\\/e1b02033cf9145ad8d892722a50851e98a68914806aa0fa4b8204caa86832335?s=96&d=mm&r=g\",\"url\":\"https:\\\/\\\/secure.gravatar.com\\\/avatar\\\/e1b02033cf9145ad8d892722a50851e98a68914806aa0fa4b8204caa86832335?s=96&d=mm&r=g\",\"contentUrl\":\"https:\\\/\\\/secure.gravatar.com\\\/avatar\\\/e1b02033cf9145ad8d892722a50851e98a68914806aa0fa4b8204caa86832335?s=96&d=mm&r=g\",\"caption\":\"admin\"},\"url\":\"https:\\\/\\\/www.biovertix.com\\\/en\\\/author\\\/vdomus\\\/\"}]}<\/script>\n<!-- \/ Yoast SEO plugin. -->","yoast_head_json":{"title":"\u00bfQu\u00e9 relaci\u00f3n hay entre los dientes y la columna vertebral? - Biovertix - Centro de salud integral.","robots":{"index":"index","follow":"follow","max-snippet":"max-snippet:-1","max-image-preview":"max-image-preview:large","max-video-preview":"max-video-preview:-1"},"canonical":"https:\/\/www.biovertix.com\/en\/que-relacion-hay-entre-los-dientes-y-la-columna-vertebral\/","og_locale":"en_US","og_type":"article","og_title":"\u00bfQu\u00e9 relaci\u00f3n hay entre los dientes y la columna vertebral? - Biovertix - Centro de salud integral.","og_description":"Angela Olaru Dra. en Atenci\u00f3n Primaria, UIC, Barcelona, Espa\u00f1a Doctor of Chiropractic, SCU, LACC, USA BSc Human Biology, SCU, USA En los \u00faltimos decenios se han publicado diversos art\u00edculos cient\u00edficos que demuestran una importante relaci\u00f3n entre la oclusi\u00f3n dental y algunas patolog\u00edas de la columna vertebral. Un equipo de quiropr\u00e1cticos y odont\u00f3logos italianos, publicaron en&hellip;","og_url":"https:\/\/www.biovertix.com\/en\/que-relacion-hay-entre-los-dientes-y-la-columna-vertebral\/","og_site_name":"Biovertix - Centro de salud integral.","article_publisher":"https:\/\/www.facebook.com\/doctoraolaru","article_published_time":"2018-07-03T09:51:25+00:00","article_modified_time":"2023-12-18T12:22:54+00:00","og_image":[{"width":200,"height":200,"url":"https:\/\/www.biovertix.com\/wp-content\/uploads\/2021\/10\/olaru.jpg","type":"image\/jpeg"}],"author":"admin","twitter_card":"summary_large_image","twitter_misc":{"Written by":"admin","Est. reading time":"2 minutes"},"schema":{"@context":"https:\/\/schema.org","@graph":[{"@type":"Article","@id":"https:\/\/www.biovertix.com\/en\/que-relacion-hay-entre-los-dientes-y-la-columna-vertebral\/#article","isPartOf":{"@id":"https:\/\/www.biovertix.com\/en\/que-relacion-hay-entre-los-dientes-y-la-columna-vertebral\/"},"author":{"name":"admin","@id":"https:\/\/www.biovertix.com\/#\/schema\/person\/cb99eb1f260522a24e94b0ed9599e60c"},"headline":"\u00bfQu\u00e9 relaci\u00f3n hay entre los dientes y la columna vertebral?","datePublished":"2018-07-03T09:51:25+00:00","dateModified":"2023-12-18T12:22:54+00:00","mainEntityOfPage":{"@id":"https:\/\/www.biovertix.com\/en\/que-relacion-hay-entre-los-dientes-y-la-columna-vertebral\/"},"wordCount":458,"publisher":{"@id":"https:\/\/www.biovertix.com\/#organization"},"image":{"@id":"https:\/\/www.biovertix.com\/en\/que-relacion-hay-entre-los-dientes-y-la-columna-vertebral\/#primaryimage"},"thumbnailUrl":"https:\/\/www.biovertix.com\/wp-content\/uploads\/2021\/10\/olaru.jpg","articleSection":["Articles","Chiropractic"],"inLanguage":"en-US"},{"@type":"WebPage","@id":"https:\/\/www.biovertix.com\/en\/que-relacion-hay-entre-los-dientes-y-la-columna-vertebral\/","url":"https:\/\/www.biovertix.com\/en\/que-relacion-hay-entre-los-dientes-y-la-columna-vertebral\/","name":"\u00bfQu\u00e9 relaci\u00f3n hay entre los dientes y la columna vertebral? - Biovertix - Centro de salud integral.","isPartOf":{"@id":"https:\/\/www.biovertix.com\/#website"},"primaryImageOfPage":{"@id":"https:\/\/www.biovertix.com\/en\/que-relacion-hay-entre-los-dientes-y-la-columna-vertebral\/#primaryimage"},"image":{"@id":"https:\/\/www.biovertix.com\/en\/que-relacion-hay-entre-los-dientes-y-la-columna-vertebral\/#primaryimage"},"thumbnailUrl":"https:\/\/www.biovertix.com\/wp-content\/uploads\/2021\/10\/olaru.jpg","datePublished":"2018-07-03T09:51:25+00:00","dateModified":"2023-12-18T12:22:54+00:00","breadcrumb":{"@id":"https:\/\/www.biovertix.com\/en\/que-relacion-hay-entre-los-dientes-y-la-columna-vertebral\/#breadcrumb"},"inLanguage":"en-US","potentialAction":[{"@type":"ReadAction","target":["https:\/\/www.biovertix.com\/en\/que-relacion-hay-entre-los-dientes-y-la-columna-vertebral\/"]}]},{"@type":"ImageObject","inLanguage":"en-US","@id":"https:\/\/www.biovertix.com\/en\/que-relacion-hay-entre-los-dientes-y-la-columna-vertebral\/#primaryimage","url":"https:\/\/www.biovertix.com\/wp-content\/uploads\/2021\/10\/olaru.jpg","contentUrl":"https:\/\/www.biovertix.com\/wp-content\/uploads\/2021\/10\/olaru.jpg"},{"@type":"BreadcrumbList","@id":"https:\/\/www.biovertix.com\/en\/que-relacion-hay-entre-los-dientes-y-la-columna-vertebral\/#breadcrumb","itemListElement":[{"@type":"ListItem","position":1,"name":"Portada","item":"https:\/\/www.biovertix.com\/en\/inicio\/"},{"@type":"ListItem","position":2,"name":"\u00bfQu\u00e9 relaci\u00f3n hay entre los dientes y la columna vertebral?"}]},{"@type":"WebSite","@id":"https:\/\/www.biovertix.com\/#website","url":"https:\/\/www.biovertix.com\/","name":"Biovertix - Centro de salud integral.","description":"Salud integrativa y quiropr\u00e1ctica en Barcelona","publisher":{"@id":"https:\/\/www.biovertix.com\/#organization"},"potentialAction":[{"@type":"SearchAction","target":{"@type":"EntryPoint","urlTemplate":"https:\/\/www.biovertix.com\/?s={search_term_string}"},"query-input":{"@type":"PropertyValueSpecification","valueRequired":true,"valueName":"search_term_string"}}],"inLanguage":"en-US"},{"@type":"Organization","@id":"https:\/\/www.biovertix.com\/#organization","name":"Biovertix - Centro de salud integral.","url":"https:\/\/www.biovertix.com\/","logo":{"@type":"ImageObject","inLanguage":"en-US","@id":"https:\/\/www.biovertix.com\/#\/schema\/logo\/image\/","url":"https:\/\/www.biovertix.com\/wp-content\/uploads\/2021\/07\/biovertix-retina.png","contentUrl":"https:\/\/www.biovertix.com\/wp-content\/uploads\/2021\/07\/biovertix-retina.png","width":364,"height":170,"caption":"Biovertix - Centro de salud integral."},"image":{"@id":"https:\/\/www.biovertix.com\/#\/schema\/logo\/image\/"},"sameAs":["https:\/\/www.facebook.com\/doctoraolaru"]},{"@type":"Person","@id":"https:\/\/www.biovertix.com\/#\/schema\/person\/cb99eb1f260522a24e94b0ed9599e60c","name":"admin","image":{"@type":"ImageObject","inLanguage":"en-US","@id":"https:\/\/secure.gravatar.com\/avatar\/e1b02033cf9145ad8d892722a50851e98a68914806aa0fa4b8204caa86832335?s=96&d=mm&r=g","url":"https:\/\/secure.gravatar.com\/avatar\/e1b02033cf9145ad8d892722a50851e98a68914806aa0fa4b8204caa86832335?s=96&d=mm&r=g","contentUrl":"https:\/\/secure.gravatar.com\/avatar\/e1b02033cf9145ad8d892722a50851e98a68914806aa0fa4b8204caa86832335?s=96&d=mm&r=g","caption":"admin"},"url":"https:\/\/www.biovertix.com\/en\/author\/vdomus\/"}]}},"_links":{"self":[{"href":"https:\/\/www.biovertix.com\/en\/wp-json\/wp\/v2\/posts\/2051","targetHints":{"allow":["GET"]}}],"collection":[{"href":"https:\/\/www.biovertix.com\/en\/wp-json\/wp\/v2\/posts"}],"about":[{"href":"https:\/\/www.biovertix.com\/en\/wp-json\/wp\/v2\/types\/post"}],"author":[{"embeddable":true,"href":"https:\/\/www.biovertix.com\/en\/wp-json\/wp\/v2\/users\/1"}],"replies":[{"embeddable":true,"href":"https:\/\/www.biovertix.com\/en\/wp-json\/wp\/v2\/comments?post=2051"}],"version-history":[{"count":1,"href":"https:\/\/www.biovertix.com\/en\/wp-json\/wp\/v2\/posts\/2051\/revisions"}],"predecessor-version":[{"id":8584,"href":"https:\/\/www.biovertix.com\/en\/wp-json\/wp\/v2\/posts\/2051\/revisions\/8584"}],"wp:attachment":[{"href":"https:\/\/www.biovertix.com\/en\/wp-json\/wp\/v2\/media?parent=2051"}],"wp:term":[{"taxonomy":"category","embeddable":true,"href":"https:\/\/www.biovertix.com\/en\/wp-json\/wp\/v2\/categories?post=2051"},{"taxonomy":"post_tag","embeddable":true,"href":"https:\/\/www.biovertix.com\/en\/wp-json\/wp\/v2\/tags?post=2051"}],"curies":[{"name":"wp","href":"https:\/\/api.w.org\/{rel}","templated":true}]}}