{"id":2049,"date":"2019-02-07T09:55:43","date_gmt":"2019-02-07T09:55:43","guid":{"rendered":"https:\/\/www.biovertix.com\/el-tratamiento-quiropractico-durante-el-embarazo\/"},"modified":"2023-12-18T12:22:52","modified_gmt":"2023-12-18T12:22:52","slug":"el-tratamiento-quiropractico-durante-el-embarazo","status":"publish","type":"post","link":"https:\/\/www.biovertix.com\/en\/el-tratamiento-quiropractico-durante-el-embarazo\/","title":{"rendered":"El tratamiento quiropr\u00e1ctico durante el embarazo"},"content":{"rendered":"<p><img loading=\"lazy\" decoding=\"async\" class=\"size-full wp-image-1999 alignleft\" src=\"https:\/\/www.biovertix.com\/wp-content\/uploads\/2021\/10\/embarassada-258x300-1.jpg\" alt=\"\" width=\"258\" height=\"300\" \/>Durante mis 29 a\u00f1os de pr\u00e1ctica cl\u00ednica he visitado y tratado muchas mujeres embarazadas.<\/p>\n<p>La mayor\u00eda vinieron aconsejadas por sus m\u00e9dicos o alg\u00fan familiar para aliviar s\u00edntomas de lumbago, ci\u00e1tica o dolor de cadera; molestias t\u00edpicas del embarazo.<\/p>\n<p>Usando t\u00e9cnicas de tratamiento manual de la columna, espec\u00edficas para este tipo de situaci\u00f3n, la mayor\u00eda mejoraron notablemente.<\/p>\n<p>Durante el embarazo, hay varios cambios fisiol\u00f3gicos posturales y hormonales necesarios para favorecer el desarrollo del beb\u00e9.<\/p>\n<p><strong>Las adaptaciones posturales<\/strong> <strong>durante este per\u00edodo, pueden <\/strong><strong>desalinear la <\/strong><strong>columna <\/strong><strong>y la pelvis.<\/strong><\/p>\n<p>Recuerdo el caso de una joven de 24 a\u00f1os embarazada que trat\u00e9 en Italia. Fue hace unos 29 a\u00f1os al inicio de mi pr\u00e1ctica cl\u00ednica.<\/p>\n<p>La joven vino acompa\u00f1ada por su madre con fuerte dolor ci\u00e1tico en la pierna izquierda. Estaba embarazada de 22 semanas.<\/p>\n<p>Le hice un reconocimiento a fondo incluyendo el chequeo postural y palpaci\u00f3n <b>vertebral<\/b>. Su pelvis estaba<b> desalineada <\/b>y su columna torcida.<\/p>\n<p>Encontr\u00e9 una subluxaci\u00f3n cr\u00f3nica (desalineaci\u00f3n y falta de movimiento articular) del hueso sacro a la derecha, compensada por una contractura del musculo piramidal izquierdo. El nervio ci\u00e1tico pasa justamente por debajo de este peque\u00f1o -pero poderoso\u2013 m\u00fasculo, en forma de pir\u00e1mide y estaba inflamado.<\/p>\n<p>Afortunadamente se trataba de una ci\u00e1tica t\u00edpica del \u2018s\u00edndrome piramidal\u2019. Es una condici\u00f3n muy com\u00fan y conocida por todos los profesionales traumat\u00f3logos, fisioterapeutas, quiropr\u00e1cticos y oste\u00f3patas.<\/p>\n<p>Adem\u00e1s, encontr\u00e9 varias subluxaciones vertebrales a nivel lumbar y cervical y un exceso de pronaci\u00f3n (ca\u00edda del arco) plantar derecho.<\/p>\n<p>Le expliqu\u00e9 que la estructura del cuerpo humano es una unidad funcional y que todo lo que est\u00e9 torcido abajo viene compensado arriba y viceversa.<\/p>\n<p>En este caso tener esta ci\u00e1tica nos dio la oportunidad de realinear la pelvis y toda su columna, para optimizar la comunicaci\u00f3n de su sistema nervioso con todos los m\u00fasculos y \u00f3rganos del cuerpo, incluyendo el \u00fatero.<\/p>\n<p>Recuerdo que la mujer me escuchaba con inter\u00e9s, pero no parec\u00eda encontrar relaci\u00f3n en una cosa y otra.<\/p>\n<p>Empezamos el tratamiento: le reposicion\u00e9 el hueso sacro y todas las v\u00e9rtebras bloqueadas. Tambi\u00e9n le ajust\u00e9 los huesos del pie derecho. Mejor\u00f3 casi instant\u00e1neamente. Le aconsej\u00e9 poner hielo y volver el d\u00eda siguiente.<\/p>\n<p>Volvi\u00f3 acompa\u00f1ada de nuevo por su madre. Ambas ten\u00edan caras de mucha preocupaci\u00f3n.<\/p>\n<p>Le pregunt\u00e9 por su ci\u00e1tica y me dijo que estaba mucho mejor, pero me explic\u00f3 que antes de venir pas\u00f3 por la revisi\u00f3n con su ginec\u00f3logo.<\/p>\n<p>Seg\u00fan me contaron, despu\u00e9s de examinarla, el doctor le dijo que la ni\u00f1a no crec\u00eda y le hab\u00eda sugerido dos f\u00e1rmacos. El problema era que ambos f\u00e1rmacos ten\u00edan entre los efectos secundarios posibles defectos cong\u00e9nitos.<\/p>\n<p>Ante sus dudas en iniciar el tratamiento farmacol\u00f3gico, en coordinaci\u00f3n con su ginec\u00f3logo acordamos continuar el tratamiento iniciado y, observar el desarrollo fetal en las siguientes revisiones.<\/p>\n<p>Felizmente, la ni\u00f1a creci\u00f3 normal y naci\u00f3 sana, por parto vaginal sin complicaciones.\u00a0 Se llama Sara y ahora tiene 28 a\u00f1os.<\/p>\n<p>Posiblemente, Sara fue mi primer caso de restricci\u00f3n intrauterina.<\/p>\n<p><strong>\u00bfQu\u00e9 es la restricci\u00f3n intrauterina?<\/strong><\/p>\n<p>A medida que aumenta el tama\u00f1o del feto, aumenta la curva lord\u00f3tica de la columna lumbar, aumenta el \u00e1ngulo de inclinaci\u00f3n anterior del hueso sacro, de los huesos iliacos y del pubis.<\/p>\n<p>El \u00fatero est\u00e1 sostenido en la cavidad p\u00e9lvica por tres pares de ligamentos fuertes que se insertan en estos huesos:<\/p>\n<ul>\n<li>ligamentos \u00fatero-sacros: del \u00fatero al sacro.<\/li>\n<li>ligamentos redondos del \u00fatero a los labios mayores pasando por el conducto inguinal, adherido al pubis.<\/li>\n<li>ligamentos anchos: del \u00fatero a los iliacos.<\/li>\n<\/ul>\n<p>Cuando los huesos de la pelvis est\u00e1n desalineados, debido a viejos traumas o, a ciertos h\u00e1bitos posturales incorrectos, estos ligamentos se tensan de manera asim\u00e9trica y pueden alterar la cantidad de espacio disponible para el desarrollo del feto.<\/p>\n<p>Cuando la pelvis est\u00e1 desalineada, se reduce el espacio disponible para el desarrollo del feto. <strong>Esto se llama restricci\u00f3n intrauterina.<\/strong> Una pelvis desalineada puede tambi\u00e9n\u00a0afectar el posicionamiento del feto y dificultar un parto natural.<\/p>\n<p><em>Establecer <\/em><em>la correcta <\/em><em>alineaci\u00f3n <\/em><em>p\u00e9lvica <\/em><em>es <\/em><em>una buena<\/em><em> raz\u00f3n <\/em><em>para <\/em><em>obtener atenci\u00f3n quiropr\u00e1ctica <\/em><em>y fisioterap\u00e9utica <\/em><em>durante el embarazo. <\/em><\/p>\n<p>Posiciones de nalgas o posiciones posteriores pueden interferir con la facilidad natural del parto y requieren la intervenci\u00f3n ces\u00e1rea.<\/p>\n<p>El tratamiento quiropr\u00e1ctico consiste en ajustar con t\u00e9cnicas manuales \u2013 espec\u00edficas y seguras \u2013 todas las articulaciones del cuerpo, especialmente las articulaciones intervertebrales.<\/p>\n<p>Junto con el tratamiento fisioterap\u00e9utico, que act\u00faa sobre los tejidos blandos: ligamentos, tendones, m\u00fasculos y fascia muscular, el m\u00e9todo quiropr\u00e1ctico ayuda a mantener una columna flexible y bien alineada. Ambos se complementan y act\u00faan para eliminar la tensi\u00f3n asim\u00e9trica de los m\u00fasculos paravertebrales, de los ligamentos y de los discos intervertebrales.<\/p>\n<p>De esta manera se optimiza el espacio recorrido por los 31 pares de nervios espinales, principal medio de comunicaci\u00f3n del sistema nervioso central con los restante sistemas del cuerpo, incluyendo el sistema reproductivo.<\/p>\n<p>Por tanto, mantener la columna vertebral alineada ayuda al sistema nervioso a comunicarse y promueve la salud en todo el cuerpo.<\/p>\n<p>Debido a que a partir del segundo trimestre del embarazo se produce una hormona llamada <strong>relaxina<\/strong> que flexibiliza todos los ligamentos del cuerpo, es el momento ideal para corregir la alineaci\u00f3n vertebral y p\u00e9lvica, de manera f\u00e1cil y duradera.<\/p>\n<p>En los EE. UU. la mayor\u00eda de las embarazadas est\u00e1n bajo el cuidado quiropr\u00e1ctico durante todo el periodo del embarazo. Para m\u00e1s informaci\u00f3n consultar la web:<\/p>\n<p><a href=\"http:\/\/americanpregnancy.org\/es\/pregnancy-health\/chiropractic-care-during-pregnancy\/\">http:\/\/americanpregnancy.org\/es\/pregnancy-health\/chiropractic-care-during-pregnancy\/<\/a><\/p>\n","protected":false},"excerpt":{"rendered":"<p>Durante mis 29 a\u00f1os de pr\u00e1ctica cl\u00ednica he visitado y tratado muchas mujeres embarazadas. La mayor\u00eda vinieron aconsejadas por sus m\u00e9dicos o alg\u00fan familiar para aliviar s\u00edntomas de lumbago, ci\u00e1tica o dolor de cadera; molestias t\u00edpicas del embarazo. Usando t\u00e9cnicas de tratamiento manual de la columna, espec\u00edficas para este tipo de situaci\u00f3n, la mayor\u00eda mejoraron&hellip;<\/p>\n","protected":false},"author":1,"featured_media":0,"comment_status":"closed","ping_status":"closed","sticky":false,"template":"","format":"standard","meta":{"footnotes":""},"categories":[51,67],"tags":[],"class_list":["post-2049","post","type-post","status-publish","format-standard","hentry","category-articles-en","category-chiropractic","category-51","category-67","description-off"],"yoast_head":"<!-- This site is optimized with the Yoast SEO plugin v27.4 - https:\/\/yoast.com\/product\/yoast-seo-wordpress\/ -->\n<title>El tratamiento quiropr\u00e1ctico durante el embarazo - Biovertix - Centro de salud integral.<\/title>\n<meta name=\"robots\" content=\"index, follow, max-snippet:-1, max-image-preview:large, max-video-preview:-1\" \/>\n<link rel=\"canonical\" href=\"https:\/\/www.biovertix.com\/en\/el-tratamiento-quiropractico-durante-el-embarazo\/\" \/>\n<meta property=\"og:locale\" content=\"en_US\" \/>\n<meta property=\"og:type\" content=\"article\" \/>\n<meta property=\"og:title\" content=\"El tratamiento quiropr\u00e1ctico durante el embarazo - Biovertix - Centro de salud integral.\" \/>\n<meta property=\"og:description\" content=\"Durante mis 29 a\u00f1os de pr\u00e1ctica cl\u00ednica he visitado y tratado muchas mujeres embarazadas. La mayor\u00eda vinieron aconsejadas por sus m\u00e9dicos o alg\u00fan familiar para aliviar s\u00edntomas de lumbago, ci\u00e1tica o dolor de cadera; molestias t\u00edpicas del embarazo. Usando t\u00e9cnicas de tratamiento manual de la columna, espec\u00edficas para este tipo de situaci\u00f3n, la mayor\u00eda mejoraron&hellip;\" \/>\n<meta property=\"og:url\" content=\"https:\/\/www.biovertix.com\/en\/el-tratamiento-quiropractico-durante-el-embarazo\/\" \/>\n<meta property=\"og:site_name\" content=\"Biovertix - Centro de salud integral.\" \/>\n<meta property=\"article:publisher\" content=\"https:\/\/www.facebook.com\/doctoraolaru\" \/>\n<meta property=\"article:published_time\" content=\"2019-02-07T09:55:43+00:00\" \/>\n<meta property=\"article:modified_time\" content=\"2023-12-18T12:22:52+00:00\" \/>\n<meta property=\"og:image\" content=\"https:\/\/www.biovertix.com\/wp-content\/uploads\/2021\/10\/embarassada-258x300-1.jpg\" \/>\n\t<meta property=\"og:image:width\" content=\"258\" \/>\n\t<meta property=\"og:image:height\" content=\"300\" \/>\n\t<meta property=\"og:image:type\" content=\"image\/jpeg\" \/>\n<meta name=\"author\" content=\"admin\" \/>\n<meta name=\"twitter:card\" content=\"summary_large_image\" \/>\n<meta name=\"twitter:label1\" content=\"Written by\" \/>\n\t<meta name=\"twitter:data1\" content=\"admin\" \/>\n\t<meta name=\"twitter:label2\" content=\"Est. reading time\" \/>\n\t<meta name=\"twitter:data2\" content=\"5 minutes\" \/>\n<script type=\"application\/ld+json\" class=\"yoast-schema-graph\">{\"@context\":\"https:\\\/\\\/schema.org\",\"@graph\":[{\"@type\":\"Article\",\"@id\":\"https:\\\/\\\/www.biovertix.com\\\/en\\\/el-tratamiento-quiropractico-durante-el-embarazo\\\/#article\",\"isPartOf\":{\"@id\":\"https:\\\/\\\/www.biovertix.com\\\/en\\\/el-tratamiento-quiropractico-durante-el-embarazo\\\/\"},\"author\":{\"name\":\"admin\",\"@id\":\"https:\\\/\\\/www.biovertix.com\\\/#\\\/schema\\\/person\\\/cb99eb1f260522a24e94b0ed9599e60c\"},\"headline\":\"El tratamiento quiropr\u00e1ctico durante el embarazo\",\"datePublished\":\"2019-02-07T09:55:43+00:00\",\"dateModified\":\"2023-12-18T12:22:52+00:00\",\"mainEntityOfPage\":{\"@id\":\"https:\\\/\\\/www.biovertix.com\\\/en\\\/el-tratamiento-quiropractico-durante-el-embarazo\\\/\"},\"wordCount\":990,\"publisher\":{\"@id\":\"https:\\\/\\\/www.biovertix.com\\\/#organization\"},\"image\":{\"@id\":\"https:\\\/\\\/www.biovertix.com\\\/en\\\/el-tratamiento-quiropractico-durante-el-embarazo\\\/#primaryimage\"},\"thumbnailUrl\":\"https:\\\/\\\/www.biovertix.com\\\/wp-content\\\/uploads\\\/2021\\\/10\\\/embarassada-258x300-1.jpg\",\"articleSection\":[\"Articles\",\"Chiropractic\"],\"inLanguage\":\"en-US\"},{\"@type\":\"WebPage\",\"@id\":\"https:\\\/\\\/www.biovertix.com\\\/en\\\/el-tratamiento-quiropractico-durante-el-embarazo\\\/\",\"url\":\"https:\\\/\\\/www.biovertix.com\\\/en\\\/el-tratamiento-quiropractico-durante-el-embarazo\\\/\",\"name\":\"El tratamiento quiropr\u00e1ctico durante el embarazo - Biovertix - Centro de salud integral.\",\"isPartOf\":{\"@id\":\"https:\\\/\\\/www.biovertix.com\\\/#website\"},\"primaryImageOfPage\":{\"@id\":\"https:\\\/\\\/www.biovertix.com\\\/en\\\/el-tratamiento-quiropractico-durante-el-embarazo\\\/#primaryimage\"},\"image\":{\"@id\":\"https:\\\/\\\/www.biovertix.com\\\/en\\\/el-tratamiento-quiropractico-durante-el-embarazo\\\/#primaryimage\"},\"thumbnailUrl\":\"https:\\\/\\\/www.biovertix.com\\\/wp-content\\\/uploads\\\/2021\\\/10\\\/embarassada-258x300-1.jpg\",\"datePublished\":\"2019-02-07T09:55:43+00:00\",\"dateModified\":\"2023-12-18T12:22:52+00:00\",\"breadcrumb\":{\"@id\":\"https:\\\/\\\/www.biovertix.com\\\/en\\\/el-tratamiento-quiropractico-durante-el-embarazo\\\/#breadcrumb\"},\"inLanguage\":\"en-US\",\"potentialAction\":[{\"@type\":\"ReadAction\",\"target\":[\"https:\\\/\\\/www.biovertix.com\\\/en\\\/el-tratamiento-quiropractico-durante-el-embarazo\\\/\"]}]},{\"@type\":\"ImageObject\",\"inLanguage\":\"en-US\",\"@id\":\"https:\\\/\\\/www.biovertix.com\\\/en\\\/el-tratamiento-quiropractico-durante-el-embarazo\\\/#primaryimage\",\"url\":\"https:\\\/\\\/www.biovertix.com\\\/wp-content\\\/uploads\\\/2021\\\/10\\\/embarassada-258x300-1.jpg\",\"contentUrl\":\"https:\\\/\\\/www.biovertix.com\\\/wp-content\\\/uploads\\\/2021\\\/10\\\/embarassada-258x300-1.jpg\"},{\"@type\":\"BreadcrumbList\",\"@id\":\"https:\\\/\\\/www.biovertix.com\\\/en\\\/el-tratamiento-quiropractico-durante-el-embarazo\\\/#breadcrumb\",\"itemListElement\":[{\"@type\":\"ListItem\",\"position\":1,\"name\":\"Portada\",\"item\":\"https:\\\/\\\/www.biovertix.com\\\/en\\\/inicio\\\/\"},{\"@type\":\"ListItem\",\"position\":2,\"name\":\"El tratamiento quiropr\u00e1ctico durante el embarazo\"}]},{\"@type\":\"WebSite\",\"@id\":\"https:\\\/\\\/www.biovertix.com\\\/#website\",\"url\":\"https:\\\/\\\/www.biovertix.com\\\/\",\"name\":\"Biovertix - Centro de salud integral.\",\"description\":\"Salud integrativa y quiropr\u00e1ctica en Barcelona\",\"publisher\":{\"@id\":\"https:\\\/\\\/www.biovertix.com\\\/#organization\"},\"potentialAction\":[{\"@type\":\"SearchAction\",\"target\":{\"@type\":\"EntryPoint\",\"urlTemplate\":\"https:\\\/\\\/www.biovertix.com\\\/?s={search_term_string}\"},\"query-input\":{\"@type\":\"PropertyValueSpecification\",\"valueRequired\":true,\"valueName\":\"search_term_string\"}}],\"inLanguage\":\"en-US\"},{\"@type\":\"Organization\",\"@id\":\"https:\\\/\\\/www.biovertix.com\\\/#organization\",\"name\":\"Biovertix - Centro de salud integral.\",\"url\":\"https:\\\/\\\/www.biovertix.com\\\/\",\"logo\":{\"@type\":\"ImageObject\",\"inLanguage\":\"en-US\",\"@id\":\"https:\\\/\\\/www.biovertix.com\\\/#\\\/schema\\\/logo\\\/image\\\/\",\"url\":\"https:\\\/\\\/www.biovertix.com\\\/wp-content\\\/uploads\\\/2021\\\/07\\\/biovertix-retina.png\",\"contentUrl\":\"https:\\\/\\\/www.biovertix.com\\\/wp-content\\\/uploads\\\/2021\\\/07\\\/biovertix-retina.png\",\"width\":364,\"height\":170,\"caption\":\"Biovertix - Centro de salud integral.\"},\"image\":{\"@id\":\"https:\\\/\\\/www.biovertix.com\\\/#\\\/schema\\\/logo\\\/image\\\/\"},\"sameAs\":[\"https:\\\/\\\/www.facebook.com\\\/doctoraolaru\"]},{\"@type\":\"Person\",\"@id\":\"https:\\\/\\\/www.biovertix.com\\\/#\\\/schema\\\/person\\\/cb99eb1f260522a24e94b0ed9599e60c\",\"name\":\"admin\",\"image\":{\"@type\":\"ImageObject\",\"inLanguage\":\"en-US\",\"@id\":\"https:\\\/\\\/secure.gravatar.com\\\/avatar\\\/e1b02033cf9145ad8d892722a50851e98a68914806aa0fa4b8204caa86832335?s=96&d=mm&r=g\",\"url\":\"https:\\\/\\\/secure.gravatar.com\\\/avatar\\\/e1b02033cf9145ad8d892722a50851e98a68914806aa0fa4b8204caa86832335?s=96&d=mm&r=g\",\"contentUrl\":\"https:\\\/\\\/secure.gravatar.com\\\/avatar\\\/e1b02033cf9145ad8d892722a50851e98a68914806aa0fa4b8204caa86832335?s=96&d=mm&r=g\",\"caption\":\"admin\"},\"url\":\"https:\\\/\\\/www.biovertix.com\\\/en\\\/author\\\/vdomus\\\/\"}]}<\/script>\n<!-- \/ Yoast SEO plugin. -->","yoast_head_json":{"title":"El tratamiento quiropr\u00e1ctico durante el embarazo - Biovertix - Centro de salud integral.","robots":{"index":"index","follow":"follow","max-snippet":"max-snippet:-1","max-image-preview":"max-image-preview:large","max-video-preview":"max-video-preview:-1"},"canonical":"https:\/\/www.biovertix.com\/en\/el-tratamiento-quiropractico-durante-el-embarazo\/","og_locale":"en_US","og_type":"article","og_title":"El tratamiento quiropr\u00e1ctico durante el embarazo - Biovertix - Centro de salud integral.","og_description":"Durante mis 29 a\u00f1os de pr\u00e1ctica cl\u00ednica he visitado y tratado muchas mujeres embarazadas. La mayor\u00eda vinieron aconsejadas por sus m\u00e9dicos o alg\u00fan familiar para aliviar s\u00edntomas de lumbago, ci\u00e1tica o dolor de cadera; molestias t\u00edpicas del embarazo. Usando t\u00e9cnicas de tratamiento manual de la columna, espec\u00edficas para este tipo de situaci\u00f3n, la mayor\u00eda mejoraron&hellip;","og_url":"https:\/\/www.biovertix.com\/en\/el-tratamiento-quiropractico-durante-el-embarazo\/","og_site_name":"Biovertix - Centro de salud integral.","article_publisher":"https:\/\/www.facebook.com\/doctoraolaru","article_published_time":"2019-02-07T09:55:43+00:00","article_modified_time":"2023-12-18T12:22:52+00:00","og_image":[{"width":258,"height":300,"url":"https:\/\/www.biovertix.com\/wp-content\/uploads\/2021\/10\/embarassada-258x300-1.jpg","type":"image\/jpeg"}],"author":"admin","twitter_card":"summary_large_image","twitter_misc":{"Written by":"admin","Est. reading time":"5 minutes"},"schema":{"@context":"https:\/\/schema.org","@graph":[{"@type":"Article","@id":"https:\/\/www.biovertix.com\/en\/el-tratamiento-quiropractico-durante-el-embarazo\/#article","isPartOf":{"@id":"https:\/\/www.biovertix.com\/en\/el-tratamiento-quiropractico-durante-el-embarazo\/"},"author":{"name":"admin","@id":"https:\/\/www.biovertix.com\/#\/schema\/person\/cb99eb1f260522a24e94b0ed9599e60c"},"headline":"El tratamiento quiropr\u00e1ctico durante el embarazo","datePublished":"2019-02-07T09:55:43+00:00","dateModified":"2023-12-18T12:22:52+00:00","mainEntityOfPage":{"@id":"https:\/\/www.biovertix.com\/en\/el-tratamiento-quiropractico-durante-el-embarazo\/"},"wordCount":990,"publisher":{"@id":"https:\/\/www.biovertix.com\/#organization"},"image":{"@id":"https:\/\/www.biovertix.com\/en\/el-tratamiento-quiropractico-durante-el-embarazo\/#primaryimage"},"thumbnailUrl":"https:\/\/www.biovertix.com\/wp-content\/uploads\/2021\/10\/embarassada-258x300-1.jpg","articleSection":["Articles","Chiropractic"],"inLanguage":"en-US"},{"@type":"WebPage","@id":"https:\/\/www.biovertix.com\/en\/el-tratamiento-quiropractico-durante-el-embarazo\/","url":"https:\/\/www.biovertix.com\/en\/el-tratamiento-quiropractico-durante-el-embarazo\/","name":"El tratamiento quiropr\u00e1ctico durante el embarazo - Biovertix - Centro de salud integral.","isPartOf":{"@id":"https:\/\/www.biovertix.com\/#website"},"primaryImageOfPage":{"@id":"https:\/\/www.biovertix.com\/en\/el-tratamiento-quiropractico-durante-el-embarazo\/#primaryimage"},"image":{"@id":"https:\/\/www.biovertix.com\/en\/el-tratamiento-quiropractico-durante-el-embarazo\/#primaryimage"},"thumbnailUrl":"https:\/\/www.biovertix.com\/wp-content\/uploads\/2021\/10\/embarassada-258x300-1.jpg","datePublished":"2019-02-07T09:55:43+00:00","dateModified":"2023-12-18T12:22:52+00:00","breadcrumb":{"@id":"https:\/\/www.biovertix.com\/en\/el-tratamiento-quiropractico-durante-el-embarazo\/#breadcrumb"},"inLanguage":"en-US","potentialAction":[{"@type":"ReadAction","target":["https:\/\/www.biovertix.com\/en\/el-tratamiento-quiropractico-durante-el-embarazo\/"]}]},{"@type":"ImageObject","inLanguage":"en-US","@id":"https:\/\/www.biovertix.com\/en\/el-tratamiento-quiropractico-durante-el-embarazo\/#primaryimage","url":"https:\/\/www.biovertix.com\/wp-content\/uploads\/2021\/10\/embarassada-258x300-1.jpg","contentUrl":"https:\/\/www.biovertix.com\/wp-content\/uploads\/2021\/10\/embarassada-258x300-1.jpg"},{"@type":"BreadcrumbList","@id":"https:\/\/www.biovertix.com\/en\/el-tratamiento-quiropractico-durante-el-embarazo\/#breadcrumb","itemListElement":[{"@type":"ListItem","position":1,"name":"Portada","item":"https:\/\/www.biovertix.com\/en\/inicio\/"},{"@type":"ListItem","position":2,"name":"El tratamiento quiropr\u00e1ctico durante el embarazo"}]},{"@type":"WebSite","@id":"https:\/\/www.biovertix.com\/#website","url":"https:\/\/www.biovertix.com\/","name":"Biovertix - Centro de salud integral.","description":"Salud integrativa y quiropr\u00e1ctica en Barcelona","publisher":{"@id":"https:\/\/www.biovertix.com\/#organization"},"potentialAction":[{"@type":"SearchAction","target":{"@type":"EntryPoint","urlTemplate":"https:\/\/www.biovertix.com\/?s={search_term_string}"},"query-input":{"@type":"PropertyValueSpecification","valueRequired":true,"valueName":"search_term_string"}}],"inLanguage":"en-US"},{"@type":"Organization","@id":"https:\/\/www.biovertix.com\/#organization","name":"Biovertix - Centro de salud integral.","url":"https:\/\/www.biovertix.com\/","logo":{"@type":"ImageObject","inLanguage":"en-US","@id":"https:\/\/www.biovertix.com\/#\/schema\/logo\/image\/","url":"https:\/\/www.biovertix.com\/wp-content\/uploads\/2021\/07\/biovertix-retina.png","contentUrl":"https:\/\/www.biovertix.com\/wp-content\/uploads\/2021\/07\/biovertix-retina.png","width":364,"height":170,"caption":"Biovertix - Centro de salud integral."},"image":{"@id":"https:\/\/www.biovertix.com\/#\/schema\/logo\/image\/"},"sameAs":["https:\/\/www.facebook.com\/doctoraolaru"]},{"@type":"Person","@id":"https:\/\/www.biovertix.com\/#\/schema\/person\/cb99eb1f260522a24e94b0ed9599e60c","name":"admin","image":{"@type":"ImageObject","inLanguage":"en-US","@id":"https:\/\/secure.gravatar.com\/avatar\/e1b02033cf9145ad8d892722a50851e98a68914806aa0fa4b8204caa86832335?s=96&d=mm&r=g","url":"https:\/\/secure.gravatar.com\/avatar\/e1b02033cf9145ad8d892722a50851e98a68914806aa0fa4b8204caa86832335?s=96&d=mm&r=g","contentUrl":"https:\/\/secure.gravatar.com\/avatar\/e1b02033cf9145ad8d892722a50851e98a68914806aa0fa4b8204caa86832335?s=96&d=mm&r=g","caption":"admin"},"url":"https:\/\/www.biovertix.com\/en\/author\/vdomus\/"}]}},"_links":{"self":[{"href":"https:\/\/www.biovertix.com\/en\/wp-json\/wp\/v2\/posts\/2049","targetHints":{"allow":["GET"]}}],"collection":[{"href":"https:\/\/www.biovertix.com\/en\/wp-json\/wp\/v2\/posts"}],"about":[{"href":"https:\/\/www.biovertix.com\/en\/wp-json\/wp\/v2\/types\/post"}],"author":[{"embeddable":true,"href":"https:\/\/www.biovertix.com\/en\/wp-json\/wp\/v2\/users\/1"}],"replies":[{"embeddable":true,"href":"https:\/\/www.biovertix.com\/en\/wp-json\/wp\/v2\/comments?post=2049"}],"version-history":[{"count":1,"href":"https:\/\/www.biovertix.com\/en\/wp-json\/wp\/v2\/posts\/2049\/revisions"}],"predecessor-version":[{"id":8581,"href":"https:\/\/www.biovertix.com\/en\/wp-json\/wp\/v2\/posts\/2049\/revisions\/8581"}],"wp:attachment":[{"href":"https:\/\/www.biovertix.com\/en\/wp-json\/wp\/v2\/media?parent=2049"}],"wp:term":[{"taxonomy":"category","embeddable":true,"href":"https:\/\/www.biovertix.com\/en\/wp-json\/wp\/v2\/categories?post=2049"},{"taxonomy":"post_tag","embeddable":true,"href":"https:\/\/www.biovertix.com\/en\/wp-json\/wp\/v2\/tags?post=2049"}],"curies":[{"name":"wp","href":"https:\/\/api.w.org\/{rel}","templated":true}]}}