{"id":2041,"date":"2021-04-26T10:15:40","date_gmt":"2021-04-26T10:15:40","guid":{"rendered":"https:\/\/www.biovertix.com\/nuevas-reflexiones-sobre-la-pandemia-y-algunas-sugerencias\/"},"modified":"2023-12-18T12:22:23","modified_gmt":"2023-12-18T12:22:23","slug":"nuevas-reflexiones-sobre-la-pandemia-y-algunas-sugerencias","status":"publish","type":"post","link":"https:\/\/www.biovertix.com\/en\/nuevas-reflexiones-sobre-la-pandemia-y-algunas-sugerencias\/","title":{"rendered":"Nuevas Reflexiones sobre la Pandemia y algunas Sugerencias"},"content":{"rendered":"<div class=\"post-body\">\n<p>Ha pasado m\u00e1s de un a\u00f1o desde que estall\u00f3 la pandemia por el SARS COV- 2, y lamentablemente contin\u00faa.<\/p>\n<p>La Organizaci\u00f3n Mundial de la Salud advirti\u00f3 de que las vacunas, incluso de alta eficacia, no garantizan la erradicaci\u00f3n de esta enfermedad infecciosa, <em>aunque se convertir\u00e1 en una enfermedad end\u00e9mica con bajo nivel de amenaza.<\/em><br \/>\n<a href=\"https:\/\/www.elhospital.com\/temas\/Las-vacunas-contra-Covid-no-garantizan-la-erradicacion-del-virus,-OMS+136846\">https:\/\/www.elhospital.com\/temas\/Las-vacunas-contra-Covid-no-garantizan-la-erradicacion-del-virus,-OMS+136846<\/a><\/p>\n<p><strong>\u00bfQu\u00e9 hemos aprendido y c\u00f3mo nos podemos preparar? <\/strong><\/p>\n<p>Si miramos retrospectivamente nos daremos cuenta de que elproblema no es solo el virus en s\u00ed mismo, si no la debilidad del sistema inmunitario frente a \u00e9l. Todos los virus, bacterias u otros microorganismos son fuertes cuando el hu\u00e9sped es d\u00e9bil.<\/p>\n<p>La mayor\u00eda de las personas que ocuparon las UCIs pr\u00e1cticamente colapsando el sistema sanitario, durante la primera y segunda oleada, eran personas con un sistema inmunitario d\u00e9bil: personas mayores y j\u00f3venes inmunodeprimidos o con patolog\u00edas previas, lo que ahora conocemos como <em>poblaci\u00f3n de riesgo.<\/em><\/p>\n<p><strong>La pregunta es \u00bfpor qu\u00e9 hay tanta gente d\u00e9bil? <\/strong><\/p>\n<p>Solemos pensar que la gente mayor est\u00e1 d\u00e9bil por su edad, pero esto no es totalmente cierto. Tomemos el ejemplo de algunos de nuestros pacientes mayores, que se siguen cuidando y disfrutan de buena salud. La mayor\u00eda, suelen evitar tomar f\u00e1rmacos o someterse a intervenciones quir\u00fargicas, a menos que no sea absolutamente necesario.<\/p>\n<p>En general, prefieren tratarse con terapias como la quiropr\u00e1ctica, osteopat\u00eda, fisioterapia, acupuntura, suplementos nutricionales, psicoterapia, homeopat\u00eda, naturopat\u00eda, hidroterapia, ozonoterapia etc.<\/p>\n<p>Se trata de terapias complementarias que, adem\u00e1s de tratar el dolor u otros s\u00edntomas, potencian la funci\u00f3n de todos \u00f3rganos y sistemas del cuerpo, incluyendo el sistema nervioso y el inmunitario.<\/p>\n<p>Si nos detenemos y pensamos, nos daremos cuenta de que esta pandemia, que ha generado una crisis sanitaria mundial, conlleva una oportunidad de cambio. Nos muestra (una vez m\u00e1s) que necesitamos actualizar y sustituir el actual paradigma sanitario, centrado en la enfermedad, con un nuevo modelo que se centre en la salud.<\/p>\n<p>Necesitamos una pr\u00e1ctica m\u00e9dica, que integre todas las terapias y los protocolos basados en evidencia cient\u00edfica que respecten la homeostasis y por ende, fortalezcan el cuerpo. <strong>Aprender c\u00f3mo preservar la salud ser\u00eda m\u00e1s beneficioso y sostenible que tratar las enfermedades.<\/strong><\/p>\n<p>Si todos fu\u00e9ramos educados desde la infancia en c\u00f3mo funciona nuestro cuerpo, como respirar adecuadamente, como mantener un buen tono f\u00edsico, hidratarnos, nutrirnos, sentarnos correctamente y como cuidar la columna vertebral para disponer de energ\u00eda vital abundante, posiblemente la humanidad ser\u00eda mucho m\u00e1s sana y fuerte.<\/p>\n<p>Es obvio que a nivel global no podemos cambiar nada, pero a nivel individual s\u00ed: cada uno de nosotros tiene la posibilidad de informarse usando fuentes fidedignas para aprender c\u00f3mo mantener un estilo de vida m\u00e1s saludable y poder elegir las terapias que m\u00e1s le convenga.<\/p>\n<p><strong>Afortunadamente todos estamos dotados de un \u2018arma\u2019 poderosa llamada Home\u00f3stasis.<\/strong><\/p>\n<p>Se trata de<strong> una<\/strong> <strong>magnifico recurso fisiol\u00f3gico,<\/strong> que el ser humano ha desarrollado y perfeccionado a lo largo de millones de a\u00f1os para mantener a raya los virus, bacterias u otros microorganismos y poder convivir con ellos, sin enfermar. Gracias a ello seguimos aqu\u00ed pese a las numerosas plagas y pandemias que afectaron a millones de personas en el pasado.<\/p>\n<p>Mantener la home\u00f3stasis es el secreto de los \u2018afortunados\u2019, que no enferman f\u00e1cilmente y, en el caso de que contraigan alguna enfermedad, se recuperan r\u00e1pidamente, sin apenas necesidad de f\u00e1rmacos. Todos estos \u2018afortunados\u2019 tienen claro que su primera prioridad es la salud, f\u00edsica y mental.<\/p>\n<p>Por tanto, no dudan en invertir tiempo, recursos y `\u2019lo que haga falta\u2019 para mantenerse sanos. Siempre est\u00e1n dispuestos a aprender como fortalecerse y, pese al avance de los a\u00f1os, siguen sanos, llenos de vitalidad y optimismo.<\/p>\n<p>Son personas que han aprendido a dedicar tiempo a su cuerpo y escuchar sus susurros, antes de que aparezca el dolor u otros s\u00edntomas.<\/p>\n<p><strong>\u00bfQu\u00e9 es la homeostasis y c\u00f3mo funciona?<\/strong><\/p>\n<p>&nbsp;<\/p>\n<div class=\"wp-block-image\"><\/div>\n<p><img loading=\"lazy\" decoding=\"async\" class=\"size-full wp-image-2021 alignleft\" src=\"https:\/\/www.biovertix.com\/wp-content\/uploads\/2021\/10\/image-1.png\" alt=\"\" width=\"121\" height=\"118\" \/>Es la capacidad innata del cuerpo vivo de mantener el equilibrio interno, compensando los cambios del entorno mediante unos sofisticados sistemas de autorregulaci\u00f3n.<\/p>\n<p>&nbsp;<\/p>\n<p>Este equilibrio interno est\u00e1 controlado por el <strong>Sistema Nervioso Central<\/strong> (<strong>SNC),<\/strong> formado por el <strong>cerebro y la medula espinal.<\/strong> El cerebro recibe informaci\u00f3n desde todos los \u00f3rganos, tejidos y c\u00e9lulas: piel, mucosas,<\/p>\n<div class=\"wp-block-image\"><\/div>\n<p><img loading=\"lazy\" decoding=\"async\" class=\"size-full wp-image-2024 alignright\" src=\"https:\/\/www.biovertix.com\/wp-content\/uploads\/2021\/10\/image-3.png\" alt=\"\" width=\"154\" height=\"202\" \/>v\u00edsceras, m\u00fasculos, articulaciones, etc., y env\u00eda sus \u00f3rdenes en forma de impulsos nerviosos, a trav\u00e9s de los nervios espinales, que pasan entre las v\u00e9rtebras.\u00a0 Mantener la columna flexible, bien alineada y \u2018libre de subluxaciones\u2019- en t\u00e9rminos quiropr\u00e1cticos \u2013 favorece la comunicaci\u00f3n del cerebro con todos los \u00f3rganos, ayuda a la recuperaci\u00f3n de la homeostasis y fortalece la respuesta inmunitaria.<\/p>\n<p>&nbsp;<\/p>\n<p><strong>\u00bfCu\u00e1l es relaci\u00f3n entre el sistema nervioso y el sistema inmunitario?<\/strong><\/p>\n<p>&nbsp;<\/p>\n<div class=\"wp-block-image\"><\/div>\n<p><img loading=\"lazy\" decoding=\"async\" class=\"size-medium wp-image-2004 alignleft\" src=\"https:\/\/www.biovertix.com\/wp-content\/uploads\/2021\/10\/body_functions-193x300.jpg\" alt=\"\" width=\"193\" height=\"300\" srcset=\"https:\/\/www.biovertix.com\/wp-content\/uploads\/2021\/10\/body_functions-193x300.jpg 193w, https:\/\/www.biovertix.com\/wp-content\/uploads\/2021\/10\/body_functions.jpg 324w\" sizes=\"auto, (max-width: 193px) 100vw, 193px\" \/>El sistema nervioso aut\u00f3nomo y el sistema inmunitario est\u00e1n \u00edntimamente relacionados. Ambos cooperan con el objetivo com\u00fan de adaptarse para mantener la homeostasis.<\/p>\n<p>La comunicaci\u00f3n entre estos dos sistemas ocurre por medio de unas prote\u00ednas que act\u00faan como se\u00f1ales qu\u00edmicas entre los gl\u00f3bulos blancos. Una de estas prote\u00ednas, la\u00a0<strong>interleucina-2 (IL-2), <\/strong>ayuda a que las c\u00e9lulas del sistema inmunitario crezcan y se dividan con mayor rapidez.<\/p>\n<p><strong>Seg\u00fan varios estudios cient\u00edficos la IL-2 fortalece la respuesta inmune frente a virus, bacterias y c\u00e9lulas malignas<\/strong>. <a href=\"https:\/\/www.sciencedirect.com\/topics\/neuroscience\/interleukin-2#:~:text=IL%2D2%20is%20a%20member,cells%20and%20memory%20T%20cells\">https:\/\/www.sciencedirect.com\/topics\/neuroscience\/interleukin-2#:~:text=IL%2D2%20is%20a%20member,cells%20and%20memory%20T%20cells<\/a>.<\/p>\n<p><strong>Un estudio, hecho por colegas quiropr\u00e1cticos en Canad\u00e1, demostr\u00f3 que un solo ajuste quiropr\u00e1ctico (manipulaci\u00f3n vertebral espec\u00edfica) aumenta de manera significativa la producci\u00f3n de la IL-2. <\/strong><a href=\"https:\/\/www.ncbi.nlm.nih.gov\/pubmed\/18507834\">Chiropr Osteopat.<\/a>\u00a02008 May 28;16:5. Enhancement of in vitro\u00a0interleukin-2\u00a0production in normal subjects following a single spinal manipulative treatment.\u201d\u00a0<a href=\"https:\/\/www.ncbi.nlm.nih.gov\/pubmed\/18507834\">https:\/\/www.ncbi.nlm.nih.gov\/pubmed\/18507834<\/a><\/p>\n<p><strong>Algunos casos como ejemplos peculiares durante la pandemia<\/strong><\/p>\n<p>El a\u00f1o pasado, justo despu\u00e9s del confinamiento uno de nuestros pacientes, de 39 a\u00f1os, que trabaja en \u2018servicios esenciales\u2019, nos cont\u00f3 que su esposa estaba de baja y confinada por ser persona de riesgo. Sal\u00eda solo para hacer la compra y pese a llevar mascarilla y guantes, desgraciadamente se contagi\u00f3. Desarroll\u00f3 los t\u00edpicos s\u00edntomas de COVID -19 y fue ingresada. Afortunadamente se recuper\u00f3 sin secuelas.<\/p>\n<p>A \u00e9l le hicieron la prueba PCR y serol\u00f3gica, ambas dieron negativo. Este hecho sorprendi\u00f3 mucho a su m\u00e9dico, el cual exclam\u00f3: -\u201c\u00a1No lo entiendo! \u00a1No puede ser!\u201d- y lo atribuy\u00f3 a las vitaminas que le hab\u00edamos recomendado.<\/p>\n<p>Poco despu\u00e9s, otra paciente nos cont\u00f3 que su esposo, que no es paciente quiropr\u00e1ctico, tambi\u00e9n dio positivo, pero ella dio negativo.<\/p>\n<p>Un caso m\u00e1s reciente fue el de una pareja de 63 \u2013 64 a\u00f1os. \u00c9l hab\u00eda acudido a nuestra consulta por un dolor de espalda, que padec\u00eda desde hac\u00eda varios a\u00f1os. Mejor\u00f3 mucho. Adem\u00e1s, siguiendo nuestros consejos empez\u00f3 a hacer una rutina diaria de ejercicios de respiraci\u00f3n, otros b\u00e1sicos para su columna y, mejor\u00f3 sus h\u00e1bitos de hidrataci\u00f3n y de nutrici\u00f3n. Como consecuencia gan\u00f3 flexibilidad, dorm\u00eda mejor, ten\u00eda m\u00e1s energ\u00eda y estaba de mejor humor.<\/p>\n<p>Por esto su esposa, pese a no tener dolor de espalda, decidi\u00f3 hacerse una revisi\u00f3n y tratamiento quiropr\u00e1ctico.<\/p>\n<p>Despu\u00e9s de las fiestas navide\u00f1as vinieron para otra revisi\u00f3n y tratamiento de mantenimiento. Ambos estaban bien y muy contentos. Nos contaron que festejaron los Reyes en familia con sus dos hijas y sus respectivas parejas. Pocos d\u00edas despu\u00e9s su hija mayor, que trabaja como m\u00e9dico, dio positivo por Covid-19. Tambi\u00e9n dieron positivo su otra hija y sus respectivas parejas. Sorprendentemente, pese a tener mayor riesgo de contagio por ser mayores de 60 a\u00f1os ambos dieron negativo.<\/p>\n<p><strong>Algunas sugerencias para conseguir un Sistema Inmunitario potente:<\/strong><\/p>\n<ul>\n<li>Hacer revisiones quiropr\u00e1cticas peri\u00f3dicas e intentar seguir mis 12 reglas de oro para mantener la Salud: <a href=\"https:\/\/www.angelaolaru.com\/?s=las+reglas\">https:\/\/www.angelaolaru.com\/?s=las+reglas<\/a>+<\/li>\n<\/ul>\n<ul>\n<li>\u00a1No sucumbir al miedo! Es la m\u00e1s poderosa emoci\u00f3n \u2013 \u2018hacker\u2019, que desata la respuesta nerviosa simp\u00e1tica con sus hormonas de estr\u00e9s, proinflamatorias y destructivas, incluyendo el cortisol, que debilita el sistema inmune.<\/li>\n<\/ul>\n<ul>\n<li>Hacer ejercicios de respiraci\u00f3n consciente, yoga, meditaci\u00f3n y cuando los hackers parecen invencibles, buscar la ayuda de un buen psicoterapeuta.<\/li>\n<\/ul>\n<ul>\n<li>Hacer sesiones de ozonoterapia y vitamina C intravenosa. Varios estudios demostraron que las infusiones intravenosas de ozono y vitamina C tienen efectos muy beneficiosos para combatir la inflamaci\u00f3n y fortalecer el sistema inmunitario.<\/li>\n<\/ul>\n<p>Uno de estos estudios, publicado en la Revista Espa\u00f1ola de Anestesiolog\u00eda y Reanimaci\u00f3n\u00a0\u00a0 demostr\u00f3 que las infusiones de ozono y de vitamina C ayudaron salvar la vida de muchos pacientes afectados gravemente por Covid 19.\u00a0 <a href=\"https:\/\/www.ncbi.nlm.nih.gov\/pmc\/articles\/PMC7156242\/\">https:\/\/www.ncbi.nlm.nih.gov\/pmc\/articles\/PMC7156242\/<\/a><\/p>\n<\/div>\n","protected":false},"excerpt":{"rendered":"<p>Ha pasado m\u00e1s de un a\u00f1o desde que estall\u00f3 la pandemia por el SARS COV- 2, y lamentablemente contin\u00faa. La Organizaci\u00f3n Mundial de la Salud advirti\u00f3 de que las vacunas, incluso de alta eficacia, no garantizan la erradicaci\u00f3n de esta enfermedad infecciosa, aunque se convertir\u00e1 en una enfermedad end\u00e9mica con bajo nivel de amenaza. https:\/\/www.elhospital.com\/temas\/Las-vacunas-contra-Covid-no-garantizan-la-erradicacion-del-virus,-OMS+136846&hellip;<\/p>\n","protected":false},"author":1,"featured_media":0,"comment_status":"closed","ping_status":"closed","sticky":false,"template":"","format":"standard","meta":{"footnotes":""},"categories":[53,59],"tags":[],"class_list":["post-2041","post","type-post","status-publish","format-standard","hentry","category-biovertix-en","category-healthy-lifestyle","category-53","category-59","description-off"],"yoast_head":"<!-- This site is optimized with the Yoast SEO plugin v27.4 - https:\/\/yoast.com\/product\/yoast-seo-wordpress\/ -->\n<title>Nuevas Reflexiones sobre la Pandemia y algunas Sugerencias - Biovertix - Centro de salud integral.<\/title>\n<meta name=\"robots\" content=\"index, follow, max-snippet:-1, max-image-preview:large, max-video-preview:-1\" \/>\n<link rel=\"canonical\" href=\"https:\/\/www.biovertix.com\/en\/nuevas-reflexiones-sobre-la-pandemia-y-algunas-sugerencias\/\" \/>\n<meta property=\"og:locale\" content=\"en_US\" \/>\n<meta property=\"og:type\" content=\"article\" \/>\n<meta property=\"og:title\" content=\"Nuevas Reflexiones sobre la Pandemia y algunas Sugerencias - Biovertix - Centro de salud integral.\" \/>\n<meta property=\"og:description\" content=\"Ha pasado m\u00e1s de un a\u00f1o desde que estall\u00f3 la pandemia por el SARS COV- 2, y lamentablemente contin\u00faa. La Organizaci\u00f3n Mundial de la Salud advirti\u00f3 de que las vacunas, incluso de alta eficacia, no garantizan la erradicaci\u00f3n de esta enfermedad infecciosa, aunque se convertir\u00e1 en una enfermedad end\u00e9mica con bajo nivel de amenaza. https:\/\/www.elhospital.com\/temas\/Las-vacunas-contra-Covid-no-garantizan-la-erradicacion-del-virus,-OMS+136846&hellip;\" \/>\n<meta property=\"og:url\" content=\"https:\/\/www.biovertix.com\/en\/nuevas-reflexiones-sobre-la-pandemia-y-algunas-sugerencias\/\" \/>\n<meta property=\"og:site_name\" content=\"Biovertix - Centro de salud integral.\" \/>\n<meta property=\"article:publisher\" content=\"https:\/\/www.facebook.com\/doctoraolaru\" \/>\n<meta property=\"article:published_time\" content=\"2021-04-26T10:15:40+00:00\" \/>\n<meta property=\"article:modified_time\" content=\"2023-12-18T12:22:23+00:00\" \/>\n<meta property=\"og:image\" content=\"https:\/\/www.biovertix.com\/wp-content\/uploads\/2021\/10\/image-1.png\" \/>\n\t<meta property=\"og:image:width\" content=\"121\" \/>\n\t<meta property=\"og:image:height\" content=\"118\" \/>\n\t<meta property=\"og:image:type\" content=\"image\/png\" \/>\n<meta name=\"author\" content=\"admin\" \/>\n<meta name=\"twitter:card\" content=\"summary_large_image\" \/>\n<meta name=\"twitter:label1\" content=\"Written by\" \/>\n\t<meta name=\"twitter:data1\" content=\"admin\" \/>\n\t<meta name=\"twitter:label2\" content=\"Est. reading time\" \/>\n\t<meta name=\"twitter:data2\" content=\"8 minutes\" \/>\n<script type=\"application\/ld+json\" class=\"yoast-schema-graph\">{\"@context\":\"https:\\\/\\\/schema.org\",\"@graph\":[{\"@type\":\"Article\",\"@id\":\"https:\\\/\\\/www.biovertix.com\\\/en\\\/nuevas-reflexiones-sobre-la-pandemia-y-algunas-sugerencias\\\/#article\",\"isPartOf\":{\"@id\":\"https:\\\/\\\/www.biovertix.com\\\/en\\\/nuevas-reflexiones-sobre-la-pandemia-y-algunas-sugerencias\\\/\"},\"author\":{\"name\":\"admin\",\"@id\":\"https:\\\/\\\/www.biovertix.com\\\/#\\\/schema\\\/person\\\/cb99eb1f260522a24e94b0ed9599e60c\"},\"headline\":\"Nuevas Reflexiones sobre la Pandemia y algunas Sugerencias\",\"datePublished\":\"2021-04-26T10:15:40+00:00\",\"dateModified\":\"2023-12-18T12:22:23+00:00\",\"mainEntityOfPage\":{\"@id\":\"https:\\\/\\\/www.biovertix.com\\\/en\\\/nuevas-reflexiones-sobre-la-pandemia-y-algunas-sugerencias\\\/\"},\"wordCount\":1516,\"publisher\":{\"@id\":\"https:\\\/\\\/www.biovertix.com\\\/#organization\"},\"image\":{\"@id\":\"https:\\\/\\\/www.biovertix.com\\\/en\\\/nuevas-reflexiones-sobre-la-pandemia-y-algunas-sugerencias\\\/#primaryimage\"},\"thumbnailUrl\":\"https:\\\/\\\/www.biovertix.com\\\/wp-content\\\/uploads\\\/2021\\\/10\\\/image-1.png\",\"articleSection\":[\"Biovertix\",\"Healthy Lifestyle\"],\"inLanguage\":\"en-US\"},{\"@type\":\"WebPage\",\"@id\":\"https:\\\/\\\/www.biovertix.com\\\/en\\\/nuevas-reflexiones-sobre-la-pandemia-y-algunas-sugerencias\\\/\",\"url\":\"https:\\\/\\\/www.biovertix.com\\\/en\\\/nuevas-reflexiones-sobre-la-pandemia-y-algunas-sugerencias\\\/\",\"name\":\"Nuevas Reflexiones sobre la Pandemia y algunas Sugerencias - Biovertix - Centro de salud integral.\",\"isPartOf\":{\"@id\":\"https:\\\/\\\/www.biovertix.com\\\/#website\"},\"primaryImageOfPage\":{\"@id\":\"https:\\\/\\\/www.biovertix.com\\\/en\\\/nuevas-reflexiones-sobre-la-pandemia-y-algunas-sugerencias\\\/#primaryimage\"},\"image\":{\"@id\":\"https:\\\/\\\/www.biovertix.com\\\/en\\\/nuevas-reflexiones-sobre-la-pandemia-y-algunas-sugerencias\\\/#primaryimage\"},\"thumbnailUrl\":\"https:\\\/\\\/www.biovertix.com\\\/wp-content\\\/uploads\\\/2021\\\/10\\\/image-1.png\",\"datePublished\":\"2021-04-26T10:15:40+00:00\",\"dateModified\":\"2023-12-18T12:22:23+00:00\",\"breadcrumb\":{\"@id\":\"https:\\\/\\\/www.biovertix.com\\\/en\\\/nuevas-reflexiones-sobre-la-pandemia-y-algunas-sugerencias\\\/#breadcrumb\"},\"inLanguage\":\"en-US\",\"potentialAction\":[{\"@type\":\"ReadAction\",\"target\":[\"https:\\\/\\\/www.biovertix.com\\\/en\\\/nuevas-reflexiones-sobre-la-pandemia-y-algunas-sugerencias\\\/\"]}]},{\"@type\":\"ImageObject\",\"inLanguage\":\"en-US\",\"@id\":\"https:\\\/\\\/www.biovertix.com\\\/en\\\/nuevas-reflexiones-sobre-la-pandemia-y-algunas-sugerencias\\\/#primaryimage\",\"url\":\"https:\\\/\\\/www.biovertix.com\\\/wp-content\\\/uploads\\\/2021\\\/10\\\/image-1.png\",\"contentUrl\":\"https:\\\/\\\/www.biovertix.com\\\/wp-content\\\/uploads\\\/2021\\\/10\\\/image-1.png\"},{\"@type\":\"BreadcrumbList\",\"@id\":\"https:\\\/\\\/www.biovertix.com\\\/en\\\/nuevas-reflexiones-sobre-la-pandemia-y-algunas-sugerencias\\\/#breadcrumb\",\"itemListElement\":[{\"@type\":\"ListItem\",\"position\":1,\"name\":\"Portada\",\"item\":\"https:\\\/\\\/www.biovertix.com\\\/en\\\/inicio\\\/\"},{\"@type\":\"ListItem\",\"position\":2,\"name\":\"Nuevas Reflexiones sobre la Pandemia y algunas Sugerencias\"}]},{\"@type\":\"WebSite\",\"@id\":\"https:\\\/\\\/www.biovertix.com\\\/#website\",\"url\":\"https:\\\/\\\/www.biovertix.com\\\/\",\"name\":\"Biovertix - Centro de salud integral.\",\"description\":\"Salud integrativa y quiropr\u00e1ctica en Barcelona\",\"publisher\":{\"@id\":\"https:\\\/\\\/www.biovertix.com\\\/#organization\"},\"potentialAction\":[{\"@type\":\"SearchAction\",\"target\":{\"@type\":\"EntryPoint\",\"urlTemplate\":\"https:\\\/\\\/www.biovertix.com\\\/?s={search_term_string}\"},\"query-input\":{\"@type\":\"PropertyValueSpecification\",\"valueRequired\":true,\"valueName\":\"search_term_string\"}}],\"inLanguage\":\"en-US\"},{\"@type\":\"Organization\",\"@id\":\"https:\\\/\\\/www.biovertix.com\\\/#organization\",\"name\":\"Biovertix - Centro de salud integral.\",\"url\":\"https:\\\/\\\/www.biovertix.com\\\/\",\"logo\":{\"@type\":\"ImageObject\",\"inLanguage\":\"en-US\",\"@id\":\"https:\\\/\\\/www.biovertix.com\\\/#\\\/schema\\\/logo\\\/image\\\/\",\"url\":\"https:\\\/\\\/www.biovertix.com\\\/wp-content\\\/uploads\\\/2021\\\/07\\\/biovertix-retina.png\",\"contentUrl\":\"https:\\\/\\\/www.biovertix.com\\\/wp-content\\\/uploads\\\/2021\\\/07\\\/biovertix-retina.png\",\"width\":364,\"height\":170,\"caption\":\"Biovertix - Centro de salud integral.\"},\"image\":{\"@id\":\"https:\\\/\\\/www.biovertix.com\\\/#\\\/schema\\\/logo\\\/image\\\/\"},\"sameAs\":[\"https:\\\/\\\/www.facebook.com\\\/doctoraolaru\"]},{\"@type\":\"Person\",\"@id\":\"https:\\\/\\\/www.biovertix.com\\\/#\\\/schema\\\/person\\\/cb99eb1f260522a24e94b0ed9599e60c\",\"name\":\"admin\",\"image\":{\"@type\":\"ImageObject\",\"inLanguage\":\"en-US\",\"@id\":\"https:\\\/\\\/secure.gravatar.com\\\/avatar\\\/e1b02033cf9145ad8d892722a50851e98a68914806aa0fa4b8204caa86832335?s=96&d=mm&r=g\",\"url\":\"https:\\\/\\\/secure.gravatar.com\\\/avatar\\\/e1b02033cf9145ad8d892722a50851e98a68914806aa0fa4b8204caa86832335?s=96&d=mm&r=g\",\"contentUrl\":\"https:\\\/\\\/secure.gravatar.com\\\/avatar\\\/e1b02033cf9145ad8d892722a50851e98a68914806aa0fa4b8204caa86832335?s=96&d=mm&r=g\",\"caption\":\"admin\"},\"url\":\"https:\\\/\\\/www.biovertix.com\\\/en\\\/author\\\/vdomus\\\/\"}]}<\/script>\n<!-- \/ Yoast SEO plugin. -->","yoast_head_json":{"title":"Nuevas Reflexiones sobre la Pandemia y algunas Sugerencias - Biovertix - Centro de salud integral.","robots":{"index":"index","follow":"follow","max-snippet":"max-snippet:-1","max-image-preview":"max-image-preview:large","max-video-preview":"max-video-preview:-1"},"canonical":"https:\/\/www.biovertix.com\/en\/nuevas-reflexiones-sobre-la-pandemia-y-algunas-sugerencias\/","og_locale":"en_US","og_type":"article","og_title":"Nuevas Reflexiones sobre la Pandemia y algunas Sugerencias - Biovertix - Centro de salud integral.","og_description":"Ha pasado m\u00e1s de un a\u00f1o desde que estall\u00f3 la pandemia por el SARS COV- 2, y lamentablemente contin\u00faa. La Organizaci\u00f3n Mundial de la Salud advirti\u00f3 de que las vacunas, incluso de alta eficacia, no garantizan la erradicaci\u00f3n de esta enfermedad infecciosa, aunque se convertir\u00e1 en una enfermedad end\u00e9mica con bajo nivel de amenaza. https:\/\/www.elhospital.com\/temas\/Las-vacunas-contra-Covid-no-garantizan-la-erradicacion-del-virus,-OMS+136846&hellip;","og_url":"https:\/\/www.biovertix.com\/en\/nuevas-reflexiones-sobre-la-pandemia-y-algunas-sugerencias\/","og_site_name":"Biovertix - Centro de salud integral.","article_publisher":"https:\/\/www.facebook.com\/doctoraolaru","article_published_time":"2021-04-26T10:15:40+00:00","article_modified_time":"2023-12-18T12:22:23+00:00","og_image":[{"width":121,"height":118,"url":"https:\/\/www.biovertix.com\/wp-content\/uploads\/2021\/10\/image-1.png","type":"image\/png"}],"author":"admin","twitter_card":"summary_large_image","twitter_misc":{"Written by":"admin","Est. reading time":"8 minutes"},"schema":{"@context":"https:\/\/schema.org","@graph":[{"@type":"Article","@id":"https:\/\/www.biovertix.com\/en\/nuevas-reflexiones-sobre-la-pandemia-y-algunas-sugerencias\/#article","isPartOf":{"@id":"https:\/\/www.biovertix.com\/en\/nuevas-reflexiones-sobre-la-pandemia-y-algunas-sugerencias\/"},"author":{"name":"admin","@id":"https:\/\/www.biovertix.com\/#\/schema\/person\/cb99eb1f260522a24e94b0ed9599e60c"},"headline":"Nuevas Reflexiones sobre la Pandemia y algunas Sugerencias","datePublished":"2021-04-26T10:15:40+00:00","dateModified":"2023-12-18T12:22:23+00:00","mainEntityOfPage":{"@id":"https:\/\/www.biovertix.com\/en\/nuevas-reflexiones-sobre-la-pandemia-y-algunas-sugerencias\/"},"wordCount":1516,"publisher":{"@id":"https:\/\/www.biovertix.com\/#organization"},"image":{"@id":"https:\/\/www.biovertix.com\/en\/nuevas-reflexiones-sobre-la-pandemia-y-algunas-sugerencias\/#primaryimage"},"thumbnailUrl":"https:\/\/www.biovertix.com\/wp-content\/uploads\/2021\/10\/image-1.png","articleSection":["Biovertix","Healthy Lifestyle"],"inLanguage":"en-US"},{"@type":"WebPage","@id":"https:\/\/www.biovertix.com\/en\/nuevas-reflexiones-sobre-la-pandemia-y-algunas-sugerencias\/","url":"https:\/\/www.biovertix.com\/en\/nuevas-reflexiones-sobre-la-pandemia-y-algunas-sugerencias\/","name":"Nuevas Reflexiones sobre la Pandemia y algunas Sugerencias - Biovertix - Centro de salud integral.","isPartOf":{"@id":"https:\/\/www.biovertix.com\/#website"},"primaryImageOfPage":{"@id":"https:\/\/www.biovertix.com\/en\/nuevas-reflexiones-sobre-la-pandemia-y-algunas-sugerencias\/#primaryimage"},"image":{"@id":"https:\/\/www.biovertix.com\/en\/nuevas-reflexiones-sobre-la-pandemia-y-algunas-sugerencias\/#primaryimage"},"thumbnailUrl":"https:\/\/www.biovertix.com\/wp-content\/uploads\/2021\/10\/image-1.png","datePublished":"2021-04-26T10:15:40+00:00","dateModified":"2023-12-18T12:22:23+00:00","breadcrumb":{"@id":"https:\/\/www.biovertix.com\/en\/nuevas-reflexiones-sobre-la-pandemia-y-algunas-sugerencias\/#breadcrumb"},"inLanguage":"en-US","potentialAction":[{"@type":"ReadAction","target":["https:\/\/www.biovertix.com\/en\/nuevas-reflexiones-sobre-la-pandemia-y-algunas-sugerencias\/"]}]},{"@type":"ImageObject","inLanguage":"en-US","@id":"https:\/\/www.biovertix.com\/en\/nuevas-reflexiones-sobre-la-pandemia-y-algunas-sugerencias\/#primaryimage","url":"https:\/\/www.biovertix.com\/wp-content\/uploads\/2021\/10\/image-1.png","contentUrl":"https:\/\/www.biovertix.com\/wp-content\/uploads\/2021\/10\/image-1.png"},{"@type":"BreadcrumbList","@id":"https:\/\/www.biovertix.com\/en\/nuevas-reflexiones-sobre-la-pandemia-y-algunas-sugerencias\/#breadcrumb","itemListElement":[{"@type":"ListItem","position":1,"name":"Portada","item":"https:\/\/www.biovertix.com\/en\/inicio\/"},{"@type":"ListItem","position":2,"name":"Nuevas Reflexiones sobre la Pandemia y algunas Sugerencias"}]},{"@type":"WebSite","@id":"https:\/\/www.biovertix.com\/#website","url":"https:\/\/www.biovertix.com\/","name":"Biovertix - Centro de salud integral.","description":"Salud integrativa y quiropr\u00e1ctica en Barcelona","publisher":{"@id":"https:\/\/www.biovertix.com\/#organization"},"potentialAction":[{"@type":"SearchAction","target":{"@type":"EntryPoint","urlTemplate":"https:\/\/www.biovertix.com\/?s={search_term_string}"},"query-input":{"@type":"PropertyValueSpecification","valueRequired":true,"valueName":"search_term_string"}}],"inLanguage":"en-US"},{"@type":"Organization","@id":"https:\/\/www.biovertix.com\/#organization","name":"Biovertix - Centro de salud integral.","url":"https:\/\/www.biovertix.com\/","logo":{"@type":"ImageObject","inLanguage":"en-US","@id":"https:\/\/www.biovertix.com\/#\/schema\/logo\/image\/","url":"https:\/\/www.biovertix.com\/wp-content\/uploads\/2021\/07\/biovertix-retina.png","contentUrl":"https:\/\/www.biovertix.com\/wp-content\/uploads\/2021\/07\/biovertix-retina.png","width":364,"height":170,"caption":"Biovertix - Centro de salud integral."},"image":{"@id":"https:\/\/www.biovertix.com\/#\/schema\/logo\/image\/"},"sameAs":["https:\/\/www.facebook.com\/doctoraolaru"]},{"@type":"Person","@id":"https:\/\/www.biovertix.com\/#\/schema\/person\/cb99eb1f260522a24e94b0ed9599e60c","name":"admin","image":{"@type":"ImageObject","inLanguage":"en-US","@id":"https:\/\/secure.gravatar.com\/avatar\/e1b02033cf9145ad8d892722a50851e98a68914806aa0fa4b8204caa86832335?s=96&d=mm&r=g","url":"https:\/\/secure.gravatar.com\/avatar\/e1b02033cf9145ad8d892722a50851e98a68914806aa0fa4b8204caa86832335?s=96&d=mm&r=g","contentUrl":"https:\/\/secure.gravatar.com\/avatar\/e1b02033cf9145ad8d892722a50851e98a68914806aa0fa4b8204caa86832335?s=96&d=mm&r=g","caption":"admin"},"url":"https:\/\/www.biovertix.com\/en\/author\/vdomus\/"}]}},"_links":{"self":[{"href":"https:\/\/www.biovertix.com\/en\/wp-json\/wp\/v2\/posts\/2041","targetHints":{"allow":["GET"]}}],"collection":[{"href":"https:\/\/www.biovertix.com\/en\/wp-json\/wp\/v2\/posts"}],"about":[{"href":"https:\/\/www.biovertix.com\/en\/wp-json\/wp\/v2\/types\/post"}],"author":[{"embeddable":true,"href":"https:\/\/www.biovertix.com\/en\/wp-json\/wp\/v2\/users\/1"}],"replies":[{"embeddable":true,"href":"https:\/\/www.biovertix.com\/en\/wp-json\/wp\/v2\/comments?post=2041"}],"version-history":[{"count":1,"href":"https:\/\/www.biovertix.com\/en\/wp-json\/wp\/v2\/posts\/2041\/revisions"}],"predecessor-version":[{"id":8573,"href":"https:\/\/www.biovertix.com\/en\/wp-json\/wp\/v2\/posts\/2041\/revisions\/8573"}],"wp:attachment":[{"href":"https:\/\/www.biovertix.com\/en\/wp-json\/wp\/v2\/media?parent=2041"}],"wp:term":[{"taxonomy":"category","embeddable":true,"href":"https:\/\/www.biovertix.com\/en\/wp-json\/wp\/v2\/categories?post=2041"},{"taxonomy":"post_tag","embeddable":true,"href":"https:\/\/www.biovertix.com\/en\/wp-json\/wp\/v2\/tags?post=2041"}],"curies":[{"name":"wp","href":"https:\/\/api.w.org\/{rel}","templated":true}]}}