{"id":2037,"date":"2018-04-18T17:12:00","date_gmt":"2018-04-18T17:12:00","guid":{"rendered":"https:\/\/www.biovertix.com\/quiropractica-como-alternativa-a-astenia-y-alergias-primaverales\/"},"modified":"2023-12-18T12:22:56","modified_gmt":"2023-12-18T12:22:56","slug":"quiropractica-como-alternativa-a-astenia-y-alergias-primaverales","status":"publish","type":"post","link":"https:\/\/www.biovertix.com\/en\/quiropractica-como-alternativa-a-astenia-y-alergias-primaverales\/","title":{"rendered":"QUIROPR\u00c1CTICA COMO ALTERNATIVA A ASTENIA Y ALERGIAS PRIMAVERALES"},"content":{"rendered":"<p>La astenia primaveral es bastante com\u00fan y se caracteriza por falta de energ\u00eda \u2013 sensaci\u00f3n de no poder cumplir con las tareas diarias- apat\u00eda y des\u00e1nimo.<\/p>\n<p>Por si fuera poco, el polen empieza irritar las mucosas respiratorias y aparecen los t\u00edpicos s\u00edntomas de alergia: nariz tapada, ojos rojizos, picor, sinusitis, dolor de cabeza, y, en algunos casos, ataques de asma.<\/p>\n<p>Seg\u00fan el protocolo m\u00e9dico convencional estos s\u00edntomas mejoran tomando f\u00e1rmacos antidepresivos, antihistam\u00ednicos o corticoides.<\/p>\n<p>El problema es que, entre los posibles efectos secundarios de los f\u00e1rmacos antidepresivos se mencionan: boca seca, visi\u00f3n borrosa, mareos, agitaci\u00f3n, insomnio, estre\u00f1imiento, disfunci\u00f3n er\u00e9ctil, etc.<\/p>\n<p><a href=\"https:\/\/www.angelaolaru.com\/2018\/04\/18\/quiropractica-como-alternativa-a-astenia-y-alergias-primaverales\/\"> Ver el art\u00edculo completo.<\/a><\/p>\n","protected":false},"excerpt":{"rendered":"<p>La astenia primaveral es bastante com\u00fan y se caracteriza por falta de energ\u00eda \u2013 sensaci\u00f3n de no poder cumplir con las tareas diarias- apat\u00eda y des\u00e1nimo. Por si fuera poco, el polen empieza irritar las mucosas respiratorias y aparecen los t\u00edpicos s\u00edntomas de alergia: nariz tapada, ojos rojizos, picor, sinusitis, dolor de cabeza, y, en&hellip;<\/p>\n","protected":false},"author":1,"featured_media":0,"comment_status":"closed","ping_status":"closed","sticky":false,"template":"","format":"standard","meta":{"footnotes":""},"categories":[63],"tags":[],"class_list":["post-2037","post","type-post","status-publish","format-standard","hentry","category-news","category-63","description-off"],"yoast_head":"<!-- This site is optimized with the Yoast SEO plugin v27.4 - https:\/\/yoast.com\/product\/yoast-seo-wordpress\/ -->\n<title>QUIROPR\u00c1CTICA COMO ALTERNATIVA A ASTENIA Y ALERGIAS PRIMAVERALES - Biovertix - Centro de salud integral.<\/title>\n<meta name=\"robots\" content=\"index, follow, max-snippet:-1, max-image-preview:large, max-video-preview:-1\" \/>\n<link rel=\"canonical\" href=\"https:\/\/www.biovertix.com\/en\/quiropractica-como-alternativa-a-astenia-y-alergias-primaverales\/\" \/>\n<meta property=\"og:locale\" content=\"en_US\" \/>\n<meta property=\"og:type\" content=\"article\" \/>\n<meta property=\"og:title\" content=\"QUIROPR\u00c1CTICA COMO ALTERNATIVA A ASTENIA Y ALERGIAS PRIMAVERALES - Biovertix - Centro de salud integral.\" \/>\n<meta property=\"og:description\" content=\"La astenia primaveral es bastante com\u00fan y se caracteriza por falta de energ\u00eda \u2013 sensaci\u00f3n de no poder cumplir con las tareas diarias- apat\u00eda y des\u00e1nimo. Por si fuera poco, el polen empieza irritar las mucosas respiratorias y aparecen los t\u00edpicos s\u00edntomas de alergia: nariz tapada, ojos rojizos, picor, sinusitis, dolor de cabeza, y, en&hellip;\" \/>\n<meta property=\"og:url\" content=\"https:\/\/www.biovertix.com\/en\/quiropractica-como-alternativa-a-astenia-y-alergias-primaverales\/\" \/>\n<meta property=\"og:site_name\" content=\"Biovertix - Centro de salud integral.\" \/>\n<meta property=\"article:publisher\" content=\"https:\/\/www.facebook.com\/doctoraolaru\" \/>\n<meta property=\"article:published_time\" content=\"2018-04-18T17:12:00+00:00\" \/>\n<meta property=\"article:modified_time\" content=\"2023-12-18T12:22:56+00:00\" \/>\n<meta name=\"author\" content=\"admin\" \/>\n<meta name=\"twitter:card\" content=\"summary_large_image\" \/>\n<meta name=\"twitter:label1\" content=\"Written by\" \/>\n\t<meta name=\"twitter:data1\" content=\"admin\" \/>\n\t<meta name=\"twitter:label2\" content=\"Est. reading time\" \/>\n\t<meta name=\"twitter:data2\" content=\"1 minute\" \/>\n<script type=\"application\/ld+json\" class=\"yoast-schema-graph\">{\"@context\":\"https:\\\/\\\/schema.org\",\"@graph\":[{\"@type\":\"Article\",\"@id\":\"https:\\\/\\\/www.biovertix.com\\\/en\\\/quiropractica-como-alternativa-a-astenia-y-alergias-primaverales\\\/#article\",\"isPartOf\":{\"@id\":\"https:\\\/\\\/www.biovertix.com\\\/en\\\/quiropractica-como-alternativa-a-astenia-y-alergias-primaverales\\\/\"},\"author\":{\"name\":\"admin\",\"@id\":\"https:\\\/\\\/www.biovertix.com\\\/#\\\/schema\\\/person\\\/cb99eb1f260522a24e94b0ed9599e60c\"},\"headline\":\"QUIROPR\u00c1CTICA COMO ALTERNATIVA A ASTENIA Y ALERGIAS PRIMAVERALES\",\"datePublished\":\"2018-04-18T17:12:00+00:00\",\"dateModified\":\"2023-12-18T12:22:56+00:00\",\"mainEntityOfPage\":{\"@id\":\"https:\\\/\\\/www.biovertix.com\\\/en\\\/quiropractica-como-alternativa-a-astenia-y-alergias-primaverales\\\/\"},\"wordCount\":131,\"publisher\":{\"@id\":\"https:\\\/\\\/www.biovertix.com\\\/#organization\"},\"articleSection\":[\"News\"],\"inLanguage\":\"en-US\"},{\"@type\":\"WebPage\",\"@id\":\"https:\\\/\\\/www.biovertix.com\\\/en\\\/quiropractica-como-alternativa-a-astenia-y-alergias-primaverales\\\/\",\"url\":\"https:\\\/\\\/www.biovertix.com\\\/en\\\/quiropractica-como-alternativa-a-astenia-y-alergias-primaverales\\\/\",\"name\":\"QUIROPR\u00c1CTICA COMO ALTERNATIVA A ASTENIA Y ALERGIAS PRIMAVERALES - Biovertix - Centro de salud integral.\",\"isPartOf\":{\"@id\":\"https:\\\/\\\/www.biovertix.com\\\/#website\"},\"datePublished\":\"2018-04-18T17:12:00+00:00\",\"dateModified\":\"2023-12-18T12:22:56+00:00\",\"breadcrumb\":{\"@id\":\"https:\\\/\\\/www.biovertix.com\\\/en\\\/quiropractica-como-alternativa-a-astenia-y-alergias-primaverales\\\/#breadcrumb\"},\"inLanguage\":\"en-US\",\"potentialAction\":[{\"@type\":\"ReadAction\",\"target\":[\"https:\\\/\\\/www.biovertix.com\\\/en\\\/quiropractica-como-alternativa-a-astenia-y-alergias-primaverales\\\/\"]}]},{\"@type\":\"BreadcrumbList\",\"@id\":\"https:\\\/\\\/www.biovertix.com\\\/en\\\/quiropractica-como-alternativa-a-astenia-y-alergias-primaverales\\\/#breadcrumb\",\"itemListElement\":[{\"@type\":\"ListItem\",\"position\":1,\"name\":\"Portada\",\"item\":\"https:\\\/\\\/www.biovertix.com\\\/en\\\/inicio\\\/\"},{\"@type\":\"ListItem\",\"position\":2,\"name\":\"QUIROPR\u00c1CTICA COMO ALTERNATIVA A ASTENIA Y ALERGIAS PRIMAVERALES\"}]},{\"@type\":\"WebSite\",\"@id\":\"https:\\\/\\\/www.biovertix.com\\\/#website\",\"url\":\"https:\\\/\\\/www.biovertix.com\\\/\",\"name\":\"Biovertix - Centro de salud integral.\",\"description\":\"Salud integrativa y quiropr\u00e1ctica en Barcelona\",\"publisher\":{\"@id\":\"https:\\\/\\\/www.biovertix.com\\\/#organization\"},\"potentialAction\":[{\"@type\":\"SearchAction\",\"target\":{\"@type\":\"EntryPoint\",\"urlTemplate\":\"https:\\\/\\\/www.biovertix.com\\\/?s={search_term_string}\"},\"query-input\":{\"@type\":\"PropertyValueSpecification\",\"valueRequired\":true,\"valueName\":\"search_term_string\"}}],\"inLanguage\":\"en-US\"},{\"@type\":\"Organization\",\"@id\":\"https:\\\/\\\/www.biovertix.com\\\/#organization\",\"name\":\"Biovertix - Centro de salud integral.\",\"url\":\"https:\\\/\\\/www.biovertix.com\\\/\",\"logo\":{\"@type\":\"ImageObject\",\"inLanguage\":\"en-US\",\"@id\":\"https:\\\/\\\/www.biovertix.com\\\/#\\\/schema\\\/logo\\\/image\\\/\",\"url\":\"https:\\\/\\\/www.biovertix.com\\\/wp-content\\\/uploads\\\/2021\\\/07\\\/biovertix-retina.png\",\"contentUrl\":\"https:\\\/\\\/www.biovertix.com\\\/wp-content\\\/uploads\\\/2021\\\/07\\\/biovertix-retina.png\",\"width\":364,\"height\":170,\"caption\":\"Biovertix - Centro de salud integral.\"},\"image\":{\"@id\":\"https:\\\/\\\/www.biovertix.com\\\/#\\\/schema\\\/logo\\\/image\\\/\"},\"sameAs\":[\"https:\\\/\\\/www.facebook.com\\\/doctoraolaru\"]},{\"@type\":\"Person\",\"@id\":\"https:\\\/\\\/www.biovertix.com\\\/#\\\/schema\\\/person\\\/cb99eb1f260522a24e94b0ed9599e60c\",\"name\":\"admin\",\"image\":{\"@type\":\"ImageObject\",\"inLanguage\":\"en-US\",\"@id\":\"https:\\\/\\\/secure.gravatar.com\\\/avatar\\\/e1b02033cf9145ad8d892722a50851e98a68914806aa0fa4b8204caa86832335?s=96&d=mm&r=g\",\"url\":\"https:\\\/\\\/secure.gravatar.com\\\/avatar\\\/e1b02033cf9145ad8d892722a50851e98a68914806aa0fa4b8204caa86832335?s=96&d=mm&r=g\",\"contentUrl\":\"https:\\\/\\\/secure.gravatar.com\\\/avatar\\\/e1b02033cf9145ad8d892722a50851e98a68914806aa0fa4b8204caa86832335?s=96&d=mm&r=g\",\"caption\":\"admin\"},\"url\":\"https:\\\/\\\/www.biovertix.com\\\/en\\\/author\\\/vdomus\\\/\"}]}<\/script>\n<!-- \/ Yoast SEO plugin. -->","yoast_head_json":{"title":"QUIROPR\u00c1CTICA COMO ALTERNATIVA A ASTENIA Y ALERGIAS PRIMAVERALES - Biovertix - Centro de salud integral.","robots":{"index":"index","follow":"follow","max-snippet":"max-snippet:-1","max-image-preview":"max-image-preview:large","max-video-preview":"max-video-preview:-1"},"canonical":"https:\/\/www.biovertix.com\/en\/quiropractica-como-alternativa-a-astenia-y-alergias-primaverales\/","og_locale":"en_US","og_type":"article","og_title":"QUIROPR\u00c1CTICA COMO ALTERNATIVA A ASTENIA Y ALERGIAS PRIMAVERALES - Biovertix - Centro de salud integral.","og_description":"La astenia primaveral es bastante com\u00fan y se caracteriza por falta de energ\u00eda \u2013 sensaci\u00f3n de no poder cumplir con las tareas diarias- apat\u00eda y des\u00e1nimo. Por si fuera poco, el polen empieza irritar las mucosas respiratorias y aparecen los t\u00edpicos s\u00edntomas de alergia: nariz tapada, ojos rojizos, picor, sinusitis, dolor de cabeza, y, en&hellip;","og_url":"https:\/\/www.biovertix.com\/en\/quiropractica-como-alternativa-a-astenia-y-alergias-primaverales\/","og_site_name":"Biovertix - Centro de salud integral.","article_publisher":"https:\/\/www.facebook.com\/doctoraolaru","article_published_time":"2018-04-18T17:12:00+00:00","article_modified_time":"2023-12-18T12:22:56+00:00","author":"admin","twitter_card":"summary_large_image","twitter_misc":{"Written by":"admin","Est. reading time":"1 minute"},"schema":{"@context":"https:\/\/schema.org","@graph":[{"@type":"Article","@id":"https:\/\/www.biovertix.com\/en\/quiropractica-como-alternativa-a-astenia-y-alergias-primaverales\/#article","isPartOf":{"@id":"https:\/\/www.biovertix.com\/en\/quiropractica-como-alternativa-a-astenia-y-alergias-primaverales\/"},"author":{"name":"admin","@id":"https:\/\/www.biovertix.com\/#\/schema\/person\/cb99eb1f260522a24e94b0ed9599e60c"},"headline":"QUIROPR\u00c1CTICA COMO ALTERNATIVA A ASTENIA Y ALERGIAS PRIMAVERALES","datePublished":"2018-04-18T17:12:00+00:00","dateModified":"2023-12-18T12:22:56+00:00","mainEntityOfPage":{"@id":"https:\/\/www.biovertix.com\/en\/quiropractica-como-alternativa-a-astenia-y-alergias-primaverales\/"},"wordCount":131,"publisher":{"@id":"https:\/\/www.biovertix.com\/#organization"},"articleSection":["News"],"inLanguage":"en-US"},{"@type":"WebPage","@id":"https:\/\/www.biovertix.com\/en\/quiropractica-como-alternativa-a-astenia-y-alergias-primaverales\/","url":"https:\/\/www.biovertix.com\/en\/quiropractica-como-alternativa-a-astenia-y-alergias-primaverales\/","name":"QUIROPR\u00c1CTICA COMO ALTERNATIVA A ASTENIA Y ALERGIAS PRIMAVERALES - Biovertix - Centro de salud integral.","isPartOf":{"@id":"https:\/\/www.biovertix.com\/#website"},"datePublished":"2018-04-18T17:12:00+00:00","dateModified":"2023-12-18T12:22:56+00:00","breadcrumb":{"@id":"https:\/\/www.biovertix.com\/en\/quiropractica-como-alternativa-a-astenia-y-alergias-primaverales\/#breadcrumb"},"inLanguage":"en-US","potentialAction":[{"@type":"ReadAction","target":["https:\/\/www.biovertix.com\/en\/quiropractica-como-alternativa-a-astenia-y-alergias-primaverales\/"]}]},{"@type":"BreadcrumbList","@id":"https:\/\/www.biovertix.com\/en\/quiropractica-como-alternativa-a-astenia-y-alergias-primaverales\/#breadcrumb","itemListElement":[{"@type":"ListItem","position":1,"name":"Portada","item":"https:\/\/www.biovertix.com\/en\/inicio\/"},{"@type":"ListItem","position":2,"name":"QUIROPR\u00c1CTICA COMO ALTERNATIVA A ASTENIA Y ALERGIAS PRIMAVERALES"}]},{"@type":"WebSite","@id":"https:\/\/www.biovertix.com\/#website","url":"https:\/\/www.biovertix.com\/","name":"Biovertix - Centro de salud integral.","description":"Salud integrativa y quiropr\u00e1ctica en Barcelona","publisher":{"@id":"https:\/\/www.biovertix.com\/#organization"},"potentialAction":[{"@type":"SearchAction","target":{"@type":"EntryPoint","urlTemplate":"https:\/\/www.biovertix.com\/?s={search_term_string}"},"query-input":{"@type":"PropertyValueSpecification","valueRequired":true,"valueName":"search_term_string"}}],"inLanguage":"en-US"},{"@type":"Organization","@id":"https:\/\/www.biovertix.com\/#organization","name":"Biovertix - Centro de salud integral.","url":"https:\/\/www.biovertix.com\/","logo":{"@type":"ImageObject","inLanguage":"en-US","@id":"https:\/\/www.biovertix.com\/#\/schema\/logo\/image\/","url":"https:\/\/www.biovertix.com\/wp-content\/uploads\/2021\/07\/biovertix-retina.png","contentUrl":"https:\/\/www.biovertix.com\/wp-content\/uploads\/2021\/07\/biovertix-retina.png","width":364,"height":170,"caption":"Biovertix - Centro de salud integral."},"image":{"@id":"https:\/\/www.biovertix.com\/#\/schema\/logo\/image\/"},"sameAs":["https:\/\/www.facebook.com\/doctoraolaru"]},{"@type":"Person","@id":"https:\/\/www.biovertix.com\/#\/schema\/person\/cb99eb1f260522a24e94b0ed9599e60c","name":"admin","image":{"@type":"ImageObject","inLanguage":"en-US","@id":"https:\/\/secure.gravatar.com\/avatar\/e1b02033cf9145ad8d892722a50851e98a68914806aa0fa4b8204caa86832335?s=96&d=mm&r=g","url":"https:\/\/secure.gravatar.com\/avatar\/e1b02033cf9145ad8d892722a50851e98a68914806aa0fa4b8204caa86832335?s=96&d=mm&r=g","contentUrl":"https:\/\/secure.gravatar.com\/avatar\/e1b02033cf9145ad8d892722a50851e98a68914806aa0fa4b8204caa86832335?s=96&d=mm&r=g","caption":"admin"},"url":"https:\/\/www.biovertix.com\/en\/author\/vdomus\/"}]}},"_links":{"self":[{"href":"https:\/\/www.biovertix.com\/en\/wp-json\/wp\/v2\/posts\/2037","targetHints":{"allow":["GET"]}}],"collection":[{"href":"https:\/\/www.biovertix.com\/en\/wp-json\/wp\/v2\/posts"}],"about":[{"href":"https:\/\/www.biovertix.com\/en\/wp-json\/wp\/v2\/types\/post"}],"author":[{"embeddable":true,"href":"https:\/\/www.biovertix.com\/en\/wp-json\/wp\/v2\/users\/1"}],"replies":[{"embeddable":true,"href":"https:\/\/www.biovertix.com\/en\/wp-json\/wp\/v2\/comments?post=2037"}],"version-history":[{"count":1,"href":"https:\/\/www.biovertix.com\/en\/wp-json\/wp\/v2\/posts\/2037\/revisions"}],"predecessor-version":[{"id":8585,"href":"https:\/\/www.biovertix.com\/en\/wp-json\/wp\/v2\/posts\/2037\/revisions\/8585"}],"wp:attachment":[{"href":"https:\/\/www.biovertix.com\/en\/wp-json\/wp\/v2\/media?parent=2037"}],"wp:term":[{"taxonomy":"category","embeddable":true,"href":"https:\/\/www.biovertix.com\/en\/wp-json\/wp\/v2\/categories?post=2037"},{"taxonomy":"post_tag","embeddable":true,"href":"https:\/\/www.biovertix.com\/en\/wp-json\/wp\/v2\/tags?post=2037"}],"curies":[{"name":"wp","href":"https:\/\/api.w.org\/{rel}","templated":true}]}}