{"id":1226,"date":"2015-02-02T19:27:00","date_gmt":"2015-02-02T19:27:00","guid":{"rendered":"https:\/\/www.biovertix.com\/conferencia-dr-valenti-fuster-2\/"},"modified":"2023-12-18T12:23:39","modified_gmt":"2023-12-18T12:23:39","slug":"conferencia-dr-valenti-fuster","status":"publish","type":"post","link":"https:\/\/www.biovertix.com\/en\/conferencia-dr-valenti-fuster\/","title":{"rendered":"Conferencia Dr. Valent\u00ed Fuster"},"content":{"rendered":"<p>El proximo viernes, 6 de febrero, tendr\u00e1 lugar la conferencia del prestigioso cardi\u00f3logo Dr. Valent\u00ed Fuster_x000D_<br \/>\nsobre \u2018Malaltia subcl\u00ednica de cor i cervell: el repte de la d\u00e8cada\u2019. Es la base de la medicina preventiva del futuro._x000D_<br \/>\n\u00a1No os la perd\u00e1is! <a href=\"http:\/\/www.biovertixquiropractic.com\/downloads\/Valenti_Fuster.pdf\">Ver pdf<\/a>.<\/p>\n","protected":false},"excerpt":{"rendered":"<p>El proximo viernes, 6 de febrero, tendr\u00e1 lugar la conferencia del prestigioso cardi\u00f3logo Dr. Valent\u00ed Fuster_x000D_ sobre \u2018Malaltia subcl\u00ednica de cor i cervell: el repte de la d\u00e8cada\u2019. Es la base de la medicina preventiva del futuro._x000D_ \u00a1No os la perd\u00e1is! Ver pdf.<\/p>\n","protected":false},"author":1,"featured_media":0,"comment_status":"closed","ping_status":"closed","sticky":false,"template":"","format":"standard","meta":{"footnotes":""},"categories":[18],"tags":[],"class_list":["post-1226","post","type-post","status-publish","format-standard","hentry","category-uncategorized","category-18","description-off"],"yoast_head":"<!-- This site is optimized with the Yoast SEO plugin v27.4 - https:\/\/yoast.com\/product\/yoast-seo-wordpress\/ -->\n<title>Conferencia Dr. Valent\u00ed Fuster - Biovertix - Centro de salud integral.<\/title>\n<meta name=\"robots\" content=\"index, follow, max-snippet:-1, max-image-preview:large, max-video-preview:-1\" \/>\n<link rel=\"canonical\" href=\"https:\/\/www.biovertix.com\/en\/conferencia-dr-valenti-fuster\/\" \/>\n<meta property=\"og:locale\" content=\"en_US\" \/>\n<meta property=\"og:type\" content=\"article\" \/>\n<meta property=\"og:title\" content=\"Conferencia Dr. Valent\u00ed Fuster - Biovertix - Centro de salud integral.\" \/>\n<meta property=\"og:description\" content=\"El proximo viernes, 6 de febrero, tendr\u00e1 lugar la conferencia del prestigioso cardi\u00f3logo Dr. Valent\u00ed Fuster_x000D_ sobre \u2018Malaltia subcl\u00ednica de cor i cervell: el repte de la d\u00e8cada\u2019. Es la base de la medicina preventiva del futuro._x000D_ \u00a1No os la perd\u00e1is! Ver pdf.\" \/>\n<meta property=\"og:url\" content=\"https:\/\/www.biovertix.com\/en\/conferencia-dr-valenti-fuster\/\" \/>\n<meta property=\"og:site_name\" content=\"Biovertix - Centro de salud integral.\" \/>\n<meta property=\"article:publisher\" content=\"https:\/\/www.facebook.com\/doctoraolaru\" \/>\n<meta property=\"article:published_time\" content=\"2015-02-02T19:27:00+00:00\" \/>\n<meta property=\"article:modified_time\" content=\"2023-12-18T12:23:39+00:00\" \/>\n<meta name=\"author\" content=\"admin\" \/>\n<meta name=\"twitter:card\" content=\"summary_large_image\" \/>\n<meta name=\"twitter:label1\" content=\"Written by\" \/>\n\t<meta name=\"twitter:data1\" content=\"admin\" \/>\n<script type=\"application\/ld+json\" class=\"yoast-schema-graph\">{\"@context\":\"https:\\\/\\\/schema.org\",\"@graph\":[{\"@type\":\"Article\",\"@id\":\"https:\\\/\\\/www.biovertix.com\\\/en\\\/conferencia-dr-valenti-fuster\\\/#article\",\"isPartOf\":{\"@id\":\"https:\\\/\\\/www.biovertix.com\\\/en\\\/conferencia-dr-valenti-fuster\\\/\"},\"author\":{\"name\":\"admin\",\"@id\":\"https:\\\/\\\/www.biovertix.com\\\/#\\\/schema\\\/person\\\/cb99eb1f260522a24e94b0ed9599e60c\"},\"headline\":\"Conferencia Dr. Valent\u00ed Fuster\",\"datePublished\":\"2015-02-02T19:27:00+00:00\",\"dateModified\":\"2023-12-18T12:23:39+00:00\",\"mainEntityOfPage\":{\"@id\":\"https:\\\/\\\/www.biovertix.com\\\/en\\\/conferencia-dr-valenti-fuster\\\/\"},\"wordCount\":54,\"publisher\":{\"@id\":\"https:\\\/\\\/www.biovertix.com\\\/#organization\"},\"inLanguage\":\"en-US\"},{\"@type\":\"WebPage\",\"@id\":\"https:\\\/\\\/www.biovertix.com\\\/en\\\/conferencia-dr-valenti-fuster\\\/\",\"url\":\"https:\\\/\\\/www.biovertix.com\\\/en\\\/conferencia-dr-valenti-fuster\\\/\",\"name\":\"Conferencia Dr. Valent\u00ed Fuster - Biovertix - Centro de salud integral.\",\"isPartOf\":{\"@id\":\"https:\\\/\\\/www.biovertix.com\\\/#website\"},\"datePublished\":\"2015-02-02T19:27:00+00:00\",\"dateModified\":\"2023-12-18T12:23:39+00:00\",\"breadcrumb\":{\"@id\":\"https:\\\/\\\/www.biovertix.com\\\/en\\\/conferencia-dr-valenti-fuster\\\/#breadcrumb\"},\"inLanguage\":\"en-US\",\"potentialAction\":[{\"@type\":\"ReadAction\",\"target\":[\"https:\\\/\\\/www.biovertix.com\\\/en\\\/conferencia-dr-valenti-fuster\\\/\"]}]},{\"@type\":\"BreadcrumbList\",\"@id\":\"https:\\\/\\\/www.biovertix.com\\\/en\\\/conferencia-dr-valenti-fuster\\\/#breadcrumb\",\"itemListElement\":[{\"@type\":\"ListItem\",\"position\":1,\"name\":\"Portada\",\"item\":\"https:\\\/\\\/www.biovertix.com\\\/en\\\/inicio\\\/\"},{\"@type\":\"ListItem\",\"position\":2,\"name\":\"Conferencia Dr. Valent\u00ed Fuster\"}]},{\"@type\":\"WebSite\",\"@id\":\"https:\\\/\\\/www.biovertix.com\\\/#website\",\"url\":\"https:\\\/\\\/www.biovertix.com\\\/\",\"name\":\"Biovertix - Centro de salud integral.\",\"description\":\"Salud integrativa y quiropr\u00e1ctica en Barcelona\",\"publisher\":{\"@id\":\"https:\\\/\\\/www.biovertix.com\\\/#organization\"},\"potentialAction\":[{\"@type\":\"SearchAction\",\"target\":{\"@type\":\"EntryPoint\",\"urlTemplate\":\"https:\\\/\\\/www.biovertix.com\\\/?s={search_term_string}\"},\"query-input\":{\"@type\":\"PropertyValueSpecification\",\"valueRequired\":true,\"valueName\":\"search_term_string\"}}],\"inLanguage\":\"en-US\"},{\"@type\":\"Organization\",\"@id\":\"https:\\\/\\\/www.biovertix.com\\\/#organization\",\"name\":\"Biovertix - Centro de salud integral.\",\"url\":\"https:\\\/\\\/www.biovertix.com\\\/\",\"logo\":{\"@type\":\"ImageObject\",\"inLanguage\":\"en-US\",\"@id\":\"https:\\\/\\\/www.biovertix.com\\\/#\\\/schema\\\/logo\\\/image\\\/\",\"url\":\"https:\\\/\\\/www.biovertix.com\\\/wp-content\\\/uploads\\\/2021\\\/07\\\/biovertix-retina.png\",\"contentUrl\":\"https:\\\/\\\/www.biovertix.com\\\/wp-content\\\/uploads\\\/2021\\\/07\\\/biovertix-retina.png\",\"width\":364,\"height\":170,\"caption\":\"Biovertix - Centro de salud integral.\"},\"image\":{\"@id\":\"https:\\\/\\\/www.biovertix.com\\\/#\\\/schema\\\/logo\\\/image\\\/\"},\"sameAs\":[\"https:\\\/\\\/www.facebook.com\\\/doctoraolaru\"]},{\"@type\":\"Person\",\"@id\":\"https:\\\/\\\/www.biovertix.com\\\/#\\\/schema\\\/person\\\/cb99eb1f260522a24e94b0ed9599e60c\",\"name\":\"admin\",\"image\":{\"@type\":\"ImageObject\",\"inLanguage\":\"en-US\",\"@id\":\"https:\\\/\\\/secure.gravatar.com\\\/avatar\\\/e1b02033cf9145ad8d892722a50851e98a68914806aa0fa4b8204caa86832335?s=96&d=mm&r=g\",\"url\":\"https:\\\/\\\/secure.gravatar.com\\\/avatar\\\/e1b02033cf9145ad8d892722a50851e98a68914806aa0fa4b8204caa86832335?s=96&d=mm&r=g\",\"contentUrl\":\"https:\\\/\\\/secure.gravatar.com\\\/avatar\\\/e1b02033cf9145ad8d892722a50851e98a68914806aa0fa4b8204caa86832335?s=96&d=mm&r=g\",\"caption\":\"admin\"},\"url\":\"https:\\\/\\\/www.biovertix.com\\\/en\\\/author\\\/vdomus\\\/\"}]}<\/script>\n<!-- \/ Yoast SEO plugin. -->","yoast_head_json":{"title":"Conferencia Dr. Valent\u00ed Fuster - Biovertix - Centro de salud integral.","robots":{"index":"index","follow":"follow","max-snippet":"max-snippet:-1","max-image-preview":"max-image-preview:large","max-video-preview":"max-video-preview:-1"},"canonical":"https:\/\/www.biovertix.com\/en\/conferencia-dr-valenti-fuster\/","og_locale":"en_US","og_type":"article","og_title":"Conferencia Dr. Valent\u00ed Fuster - Biovertix - Centro de salud integral.","og_description":"El proximo viernes, 6 de febrero, tendr\u00e1 lugar la conferencia del prestigioso cardi\u00f3logo Dr. Valent\u00ed Fuster_x000D_ sobre \u2018Malaltia subcl\u00ednica de cor i cervell: el repte de la d\u00e8cada\u2019. Es la base de la medicina preventiva del futuro._x000D_ \u00a1No os la perd\u00e1is! Ver pdf.","og_url":"https:\/\/www.biovertix.com\/en\/conferencia-dr-valenti-fuster\/","og_site_name":"Biovertix - Centro de salud integral.","article_publisher":"https:\/\/www.facebook.com\/doctoraolaru","article_published_time":"2015-02-02T19:27:00+00:00","article_modified_time":"2023-12-18T12:23:39+00:00","author":"admin","twitter_card":"summary_large_image","twitter_misc":{"Written by":"admin"},"schema":{"@context":"https:\/\/schema.org","@graph":[{"@type":"Article","@id":"https:\/\/www.biovertix.com\/en\/conferencia-dr-valenti-fuster\/#article","isPartOf":{"@id":"https:\/\/www.biovertix.com\/en\/conferencia-dr-valenti-fuster\/"},"author":{"name":"admin","@id":"https:\/\/www.biovertix.com\/#\/schema\/person\/cb99eb1f260522a24e94b0ed9599e60c"},"headline":"Conferencia Dr. Valent\u00ed Fuster","datePublished":"2015-02-02T19:27:00+00:00","dateModified":"2023-12-18T12:23:39+00:00","mainEntityOfPage":{"@id":"https:\/\/www.biovertix.com\/en\/conferencia-dr-valenti-fuster\/"},"wordCount":54,"publisher":{"@id":"https:\/\/www.biovertix.com\/#organization"},"inLanguage":"en-US"},{"@type":"WebPage","@id":"https:\/\/www.biovertix.com\/en\/conferencia-dr-valenti-fuster\/","url":"https:\/\/www.biovertix.com\/en\/conferencia-dr-valenti-fuster\/","name":"Conferencia Dr. Valent\u00ed Fuster - Biovertix - Centro de salud integral.","isPartOf":{"@id":"https:\/\/www.biovertix.com\/#website"},"datePublished":"2015-02-02T19:27:00+00:00","dateModified":"2023-12-18T12:23:39+00:00","breadcrumb":{"@id":"https:\/\/www.biovertix.com\/en\/conferencia-dr-valenti-fuster\/#breadcrumb"},"inLanguage":"en-US","potentialAction":[{"@type":"ReadAction","target":["https:\/\/www.biovertix.com\/en\/conferencia-dr-valenti-fuster\/"]}]},{"@type":"BreadcrumbList","@id":"https:\/\/www.biovertix.com\/en\/conferencia-dr-valenti-fuster\/#breadcrumb","itemListElement":[{"@type":"ListItem","position":1,"name":"Portada","item":"https:\/\/www.biovertix.com\/en\/inicio\/"},{"@type":"ListItem","position":2,"name":"Conferencia Dr. Valent\u00ed Fuster"}]},{"@type":"WebSite","@id":"https:\/\/www.biovertix.com\/#website","url":"https:\/\/www.biovertix.com\/","name":"Biovertix - Centro de salud integral.","description":"Salud integrativa y quiropr\u00e1ctica en Barcelona","publisher":{"@id":"https:\/\/www.biovertix.com\/#organization"},"potentialAction":[{"@type":"SearchAction","target":{"@type":"EntryPoint","urlTemplate":"https:\/\/www.biovertix.com\/?s={search_term_string}"},"query-input":{"@type":"PropertyValueSpecification","valueRequired":true,"valueName":"search_term_string"}}],"inLanguage":"en-US"},{"@type":"Organization","@id":"https:\/\/www.biovertix.com\/#organization","name":"Biovertix - Centro de salud integral.","url":"https:\/\/www.biovertix.com\/","logo":{"@type":"ImageObject","inLanguage":"en-US","@id":"https:\/\/www.biovertix.com\/#\/schema\/logo\/image\/","url":"https:\/\/www.biovertix.com\/wp-content\/uploads\/2021\/07\/biovertix-retina.png","contentUrl":"https:\/\/www.biovertix.com\/wp-content\/uploads\/2021\/07\/biovertix-retina.png","width":364,"height":170,"caption":"Biovertix - Centro de salud integral."},"image":{"@id":"https:\/\/www.biovertix.com\/#\/schema\/logo\/image\/"},"sameAs":["https:\/\/www.facebook.com\/doctoraolaru"]},{"@type":"Person","@id":"https:\/\/www.biovertix.com\/#\/schema\/person\/cb99eb1f260522a24e94b0ed9599e60c","name":"admin","image":{"@type":"ImageObject","inLanguage":"en-US","@id":"https:\/\/secure.gravatar.com\/avatar\/e1b02033cf9145ad8d892722a50851e98a68914806aa0fa4b8204caa86832335?s=96&d=mm&r=g","url":"https:\/\/secure.gravatar.com\/avatar\/e1b02033cf9145ad8d892722a50851e98a68914806aa0fa4b8204caa86832335?s=96&d=mm&r=g","contentUrl":"https:\/\/secure.gravatar.com\/avatar\/e1b02033cf9145ad8d892722a50851e98a68914806aa0fa4b8204caa86832335?s=96&d=mm&r=g","caption":"admin"},"url":"https:\/\/www.biovertix.com\/en\/author\/vdomus\/"}]}},"_links":{"self":[{"href":"https:\/\/www.biovertix.com\/en\/wp-json\/wp\/v2\/posts\/1226","targetHints":{"allow":["GET"]}}],"collection":[{"href":"https:\/\/www.biovertix.com\/en\/wp-json\/wp\/v2\/posts"}],"about":[{"href":"https:\/\/www.biovertix.com\/en\/wp-json\/wp\/v2\/types\/post"}],"author":[{"embeddable":true,"href":"https:\/\/www.biovertix.com\/en\/wp-json\/wp\/v2\/users\/1"}],"replies":[{"embeddable":true,"href":"https:\/\/www.biovertix.com\/en\/wp-json\/wp\/v2\/comments?post=1226"}],"version-history":[{"count":1,"href":"https:\/\/www.biovertix.com\/en\/wp-json\/wp\/v2\/posts\/1226\/revisions"}],"predecessor-version":[{"id":1265,"href":"https:\/\/www.biovertix.com\/en\/wp-json\/wp\/v2\/posts\/1226\/revisions\/1265"}],"wp:attachment":[{"href":"https:\/\/www.biovertix.com\/en\/wp-json\/wp\/v2\/media?parent=1226"}],"wp:term":[{"taxonomy":"category","embeddable":true,"href":"https:\/\/www.biovertix.com\/en\/wp-json\/wp\/v2\/categories?post=1226"},{"taxonomy":"post_tag","embeddable":true,"href":"https:\/\/www.biovertix.com\/en\/wp-json\/wp\/v2\/tags?post=1226"}],"curies":[{"name":"wp","href":"https:\/\/api.w.org\/{rel}","templated":true}]}}