{"id":1291,"date":"2021-09-08T10:56:04","date_gmt":"2021-09-08T10:56:04","guid":{"rendered":"https:\/\/www.biovertix.com\/conferencia-sobre-la-inflamacio\/"},"modified":"2023-12-18T12:22:19","modified_gmt":"2023-12-18T12:22:19","slug":"conferencia-sobre-la-inflamacio","status":"publish","type":"post","link":"https:\/\/www.biovertix.com\/ca\/conferencia-sobre-la-inflamacio\/","title":{"rendered":"Confer\u00e8ncia sobre la inflamaci\u00f3"},"content":{"rendered":"<p>Como ya sab\u00e9is, tengo el privilegio y el placer de colaborar con una extensa red de profesionales de la salud de mucho prestigio. Uno de ellos, el Dr. Ignacio Umbert, present\u00f3 recientemente un magn\u00edfico trabajo sobre los procesos inflamatorios, resultado de su trabajo de investigaci\u00f3n de varios a\u00f1os. Os invito a que ve\u00e1is su conferencia en v\u00eddeo siguiendo el link que encontrar\u00e9is al pie de esta nota. <\/p>\n<p>_x000D_<br \/>\n_x000D_<br \/>\nEntre otros, el Dr. Umbert hace referencia a la importancia de la columna vertebral y explica como la quiropr\u00e1ctica ayuda a reducir la inflamaci\u00f3n. En la parte 5 y 6 de la conferencia explica que el tratamiento quiropr\u00e1ctico es muy eficaz para tratar cistitis, migra\u00f1as e incluso la ca\u00edda de cabello.<\/p>\n<p>_x000D_<br \/>\n_x000D_<br \/>\n<a href=\"http:\/\/www.idermumbert.com\/es\/videos.php\">http:\/\/www.idermumbert.com\/es\/videos.php<\/a><\/p>\n","protected":false},"excerpt":{"rendered":"<p>Como ya sab\u00e9is, tengo el privilegio y el placer de colaborar con una extensa red de profesionales de la salud de mucho prestigio. Uno de ellos, el Dr. Ignacio Umbert, present\u00f3 recientemente un magn\u00edfico trabajo sobre los procesos inflamatorios, resultado de su trabajo de investigaci\u00f3n de varios a\u00f1os. Os invito a que ve\u00e1is su conferencia&hellip;<\/p>\n","protected":false},"author":1,"featured_media":0,"comment_status":"closed","ping_status":"closed","sticky":false,"template":"","format":"standard","meta":{"footnotes":""},"categories":[52,54,62],"tags":[],"class_list":["post-1291","post","type-post","status-publish","format-standard","hentry","category-biovertix-ca","category-conferencies","category-noticies","category-52","category-54","category-62","description-off"],"yoast_head":"<!-- This site is optimized with the Yoast SEO plugin v27.4 - https:\/\/yoast.com\/product\/yoast-seo-wordpress\/ -->\n<title>Confer\u00e8ncia sobre la inflamaci\u00f3 - Biovertix - Centro de salud integral.<\/title>\n<meta name=\"robots\" content=\"index, follow, max-snippet:-1, max-image-preview:large, max-video-preview:-1\" \/>\n<link rel=\"canonical\" href=\"https:\/\/www.biovertix.com\/ca\/conferencia-sobre-la-inflamacio\/\" \/>\n<meta property=\"og:locale\" content=\"ca_ES\" \/>\n<meta property=\"og:type\" content=\"article\" \/>\n<meta property=\"og:title\" content=\"Confer\u00e8ncia sobre la inflamaci\u00f3 - Biovertix - Centro de salud integral.\" \/>\n<meta property=\"og:description\" content=\"Como ya sab\u00e9is, tengo el privilegio y el placer de colaborar con una extensa red de profesionales de la salud de mucho prestigio. Uno de ellos, el Dr. Ignacio Umbert, present\u00f3 recientemente un magn\u00edfico trabajo sobre los procesos inflamatorios, resultado de su trabajo de investigaci\u00f3n de varios a\u00f1os. Os invito a que ve\u00e1is su conferencia&hellip;\" \/>\n<meta property=\"og:url\" content=\"https:\/\/www.biovertix.com\/ca\/conferencia-sobre-la-inflamacio\/\" \/>\n<meta property=\"og:site_name\" content=\"Biovertix - Centro de salud integral.\" \/>\n<meta property=\"article:publisher\" content=\"https:\/\/www.facebook.com\/doctoraolaru\" \/>\n<meta property=\"article:published_time\" content=\"2021-09-08T10:56:04+00:00\" \/>\n<meta property=\"article:modified_time\" content=\"2023-12-18T12:22:19+00:00\" \/>\n<meta name=\"author\" content=\"admin\" \/>\n<meta name=\"twitter:card\" content=\"summary_large_image\" \/>\n<meta name=\"twitter:label1\" content=\"Escrit per\" \/>\n\t<meta name=\"twitter:data1\" content=\"admin\" \/>\n\t<meta name=\"twitter:label2\" content=\"Temps estimat de lectura\" \/>\n\t<meta name=\"twitter:data2\" content=\"1 minut\" \/>\n<script type=\"application\/ld+json\" class=\"yoast-schema-graph\">{\"@context\":\"https:\\\/\\\/schema.org\",\"@graph\":[{\"@type\":\"Article\",\"@id\":\"https:\\\/\\\/www.biovertix.com\\\/ca\\\/conferencia-sobre-la-inflamacio\\\/#article\",\"isPartOf\":{\"@id\":\"https:\\\/\\\/www.biovertix.com\\\/ca\\\/conferencia-sobre-la-inflamacio\\\/\"},\"author\":{\"name\":\"admin\",\"@id\":\"https:\\\/\\\/www.biovertix.com\\\/#\\\/schema\\\/person\\\/cb99eb1f260522a24e94b0ed9599e60c\"},\"headline\":\"Confer\u00e8ncia sobre la inflamaci\u00f3\",\"datePublished\":\"2021-09-08T10:56:04+00:00\",\"dateModified\":\"2023-12-18T12:22:19+00:00\",\"mainEntityOfPage\":{\"@id\":\"https:\\\/\\\/www.biovertix.com\\\/ca\\\/conferencia-sobre-la-inflamacio\\\/\"},\"wordCount\":148,\"publisher\":{\"@id\":\"https:\\\/\\\/www.biovertix.com\\\/#organization\"},\"articleSection\":[\"Biovertix\",\"Confer\u00e8ncies\",\"Not\u00edcies\"],\"inLanguage\":\"ca\"},{\"@type\":\"WebPage\",\"@id\":\"https:\\\/\\\/www.biovertix.com\\\/ca\\\/conferencia-sobre-la-inflamacio\\\/\",\"url\":\"https:\\\/\\\/www.biovertix.com\\\/ca\\\/conferencia-sobre-la-inflamacio\\\/\",\"name\":\"Confer\u00e8ncia sobre la inflamaci\u00f3 - Biovertix - Centro de salud integral.\",\"isPartOf\":{\"@id\":\"https:\\\/\\\/www.biovertix.com\\\/#website\"},\"datePublished\":\"2021-09-08T10:56:04+00:00\",\"dateModified\":\"2023-12-18T12:22:19+00:00\",\"breadcrumb\":{\"@id\":\"https:\\\/\\\/www.biovertix.com\\\/ca\\\/conferencia-sobre-la-inflamacio\\\/#breadcrumb\"},\"inLanguage\":\"ca\",\"potentialAction\":[{\"@type\":\"ReadAction\",\"target\":[\"https:\\\/\\\/www.biovertix.com\\\/ca\\\/conferencia-sobre-la-inflamacio\\\/\"]}]},{\"@type\":\"BreadcrumbList\",\"@id\":\"https:\\\/\\\/www.biovertix.com\\\/ca\\\/conferencia-sobre-la-inflamacio\\\/#breadcrumb\",\"itemListElement\":[{\"@type\":\"ListItem\",\"position\":1,\"name\":\"Portada\",\"item\":\"https:\\\/\\\/www.biovertix.com\\\/ca\\\/inicio\\\/\"},{\"@type\":\"ListItem\",\"position\":2,\"name\":\"Confer\u00e8ncia sobre la inflamaci\u00f3\"}]},{\"@type\":\"WebSite\",\"@id\":\"https:\\\/\\\/www.biovertix.com\\\/#website\",\"url\":\"https:\\\/\\\/www.biovertix.com\\\/\",\"name\":\"Biovertix - Centro de salud integral.\",\"description\":\"Salud integrativa y quiropr\u00e1ctica en Barcelona\",\"publisher\":{\"@id\":\"https:\\\/\\\/www.biovertix.com\\\/#organization\"},\"potentialAction\":[{\"@type\":\"SearchAction\",\"target\":{\"@type\":\"EntryPoint\",\"urlTemplate\":\"https:\\\/\\\/www.biovertix.com\\\/?s={search_term_string}\"},\"query-input\":{\"@type\":\"PropertyValueSpecification\",\"valueRequired\":true,\"valueName\":\"search_term_string\"}}],\"inLanguage\":\"ca\"},{\"@type\":\"Organization\",\"@id\":\"https:\\\/\\\/www.biovertix.com\\\/#organization\",\"name\":\"Biovertix - Centro de salud integral.\",\"url\":\"https:\\\/\\\/www.biovertix.com\\\/\",\"logo\":{\"@type\":\"ImageObject\",\"inLanguage\":\"ca\",\"@id\":\"https:\\\/\\\/www.biovertix.com\\\/#\\\/schema\\\/logo\\\/image\\\/\",\"url\":\"https:\\\/\\\/www.biovertix.com\\\/wp-content\\\/uploads\\\/2021\\\/07\\\/biovertix-retina.png\",\"contentUrl\":\"https:\\\/\\\/www.biovertix.com\\\/wp-content\\\/uploads\\\/2021\\\/07\\\/biovertix-retina.png\",\"width\":364,\"height\":170,\"caption\":\"Biovertix - Centro de salud integral.\"},\"image\":{\"@id\":\"https:\\\/\\\/www.biovertix.com\\\/#\\\/schema\\\/logo\\\/image\\\/\"},\"sameAs\":[\"https:\\\/\\\/www.facebook.com\\\/doctoraolaru\"]},{\"@type\":\"Person\",\"@id\":\"https:\\\/\\\/www.biovertix.com\\\/#\\\/schema\\\/person\\\/cb99eb1f260522a24e94b0ed9599e60c\",\"name\":\"admin\",\"image\":{\"@type\":\"ImageObject\",\"inLanguage\":\"ca\",\"@id\":\"https:\\\/\\\/secure.gravatar.com\\\/avatar\\\/e1b02033cf9145ad8d892722a50851e98a68914806aa0fa4b8204caa86832335?s=96&d=mm&r=g\",\"url\":\"https:\\\/\\\/secure.gravatar.com\\\/avatar\\\/e1b02033cf9145ad8d892722a50851e98a68914806aa0fa4b8204caa86832335?s=96&d=mm&r=g\",\"contentUrl\":\"https:\\\/\\\/secure.gravatar.com\\\/avatar\\\/e1b02033cf9145ad8d892722a50851e98a68914806aa0fa4b8204caa86832335?s=96&d=mm&r=g\",\"caption\":\"admin\"},\"url\":\"https:\\\/\\\/www.biovertix.com\\\/ca\\\/author\\\/vdomus\\\/\"}]}<\/script>\n<!-- \/ Yoast SEO plugin. -->","yoast_head_json":{"title":"Confer\u00e8ncia sobre la inflamaci\u00f3 - Biovertix - Centro de salud integral.","robots":{"index":"index","follow":"follow","max-snippet":"max-snippet:-1","max-image-preview":"max-image-preview:large","max-video-preview":"max-video-preview:-1"},"canonical":"https:\/\/www.biovertix.com\/ca\/conferencia-sobre-la-inflamacio\/","og_locale":"ca_ES","og_type":"article","og_title":"Confer\u00e8ncia sobre la inflamaci\u00f3 - Biovertix - Centro de salud integral.","og_description":"Como ya sab\u00e9is, tengo el privilegio y el placer de colaborar con una extensa red de profesionales de la salud de mucho prestigio. Uno de ellos, el Dr. Ignacio Umbert, present\u00f3 recientemente un magn\u00edfico trabajo sobre los procesos inflamatorios, resultado de su trabajo de investigaci\u00f3n de varios a\u00f1os. Os invito a que ve\u00e1is su conferencia&hellip;","og_url":"https:\/\/www.biovertix.com\/ca\/conferencia-sobre-la-inflamacio\/","og_site_name":"Biovertix - Centro de salud integral.","article_publisher":"https:\/\/www.facebook.com\/doctoraolaru","article_published_time":"2021-09-08T10:56:04+00:00","article_modified_time":"2023-12-18T12:22:19+00:00","author":"admin","twitter_card":"summary_large_image","twitter_misc":{"Escrit per":"admin","Temps estimat de lectura":"1 minut"},"schema":{"@context":"https:\/\/schema.org","@graph":[{"@type":"Article","@id":"https:\/\/www.biovertix.com\/ca\/conferencia-sobre-la-inflamacio\/#article","isPartOf":{"@id":"https:\/\/www.biovertix.com\/ca\/conferencia-sobre-la-inflamacio\/"},"author":{"name":"admin","@id":"https:\/\/www.biovertix.com\/#\/schema\/person\/cb99eb1f260522a24e94b0ed9599e60c"},"headline":"Confer\u00e8ncia sobre la inflamaci\u00f3","datePublished":"2021-09-08T10:56:04+00:00","dateModified":"2023-12-18T12:22:19+00:00","mainEntityOfPage":{"@id":"https:\/\/www.biovertix.com\/ca\/conferencia-sobre-la-inflamacio\/"},"wordCount":148,"publisher":{"@id":"https:\/\/www.biovertix.com\/#organization"},"articleSection":["Biovertix","Confer\u00e8ncies","Not\u00edcies"],"inLanguage":"ca"},{"@type":"WebPage","@id":"https:\/\/www.biovertix.com\/ca\/conferencia-sobre-la-inflamacio\/","url":"https:\/\/www.biovertix.com\/ca\/conferencia-sobre-la-inflamacio\/","name":"Confer\u00e8ncia sobre la inflamaci\u00f3 - Biovertix - Centro de salud integral.","isPartOf":{"@id":"https:\/\/www.biovertix.com\/#website"},"datePublished":"2021-09-08T10:56:04+00:00","dateModified":"2023-12-18T12:22:19+00:00","breadcrumb":{"@id":"https:\/\/www.biovertix.com\/ca\/conferencia-sobre-la-inflamacio\/#breadcrumb"},"inLanguage":"ca","potentialAction":[{"@type":"ReadAction","target":["https:\/\/www.biovertix.com\/ca\/conferencia-sobre-la-inflamacio\/"]}]},{"@type":"BreadcrumbList","@id":"https:\/\/www.biovertix.com\/ca\/conferencia-sobre-la-inflamacio\/#breadcrumb","itemListElement":[{"@type":"ListItem","position":1,"name":"Portada","item":"https:\/\/www.biovertix.com\/ca\/inicio\/"},{"@type":"ListItem","position":2,"name":"Confer\u00e8ncia sobre la inflamaci\u00f3"}]},{"@type":"WebSite","@id":"https:\/\/www.biovertix.com\/#website","url":"https:\/\/www.biovertix.com\/","name":"Biovertix - Centro de salud integral.","description":"Salud integrativa y quiropr\u00e1ctica en Barcelona","publisher":{"@id":"https:\/\/www.biovertix.com\/#organization"},"potentialAction":[{"@type":"SearchAction","target":{"@type":"EntryPoint","urlTemplate":"https:\/\/www.biovertix.com\/?s={search_term_string}"},"query-input":{"@type":"PropertyValueSpecification","valueRequired":true,"valueName":"search_term_string"}}],"inLanguage":"ca"},{"@type":"Organization","@id":"https:\/\/www.biovertix.com\/#organization","name":"Biovertix - Centro de salud integral.","url":"https:\/\/www.biovertix.com\/","logo":{"@type":"ImageObject","inLanguage":"ca","@id":"https:\/\/www.biovertix.com\/#\/schema\/logo\/image\/","url":"https:\/\/www.biovertix.com\/wp-content\/uploads\/2021\/07\/biovertix-retina.png","contentUrl":"https:\/\/www.biovertix.com\/wp-content\/uploads\/2021\/07\/biovertix-retina.png","width":364,"height":170,"caption":"Biovertix - Centro de salud integral."},"image":{"@id":"https:\/\/www.biovertix.com\/#\/schema\/logo\/image\/"},"sameAs":["https:\/\/www.facebook.com\/doctoraolaru"]},{"@type":"Person","@id":"https:\/\/www.biovertix.com\/#\/schema\/person\/cb99eb1f260522a24e94b0ed9599e60c","name":"admin","image":{"@type":"ImageObject","inLanguage":"ca","@id":"https:\/\/secure.gravatar.com\/avatar\/e1b02033cf9145ad8d892722a50851e98a68914806aa0fa4b8204caa86832335?s=96&d=mm&r=g","url":"https:\/\/secure.gravatar.com\/avatar\/e1b02033cf9145ad8d892722a50851e98a68914806aa0fa4b8204caa86832335?s=96&d=mm&r=g","contentUrl":"https:\/\/secure.gravatar.com\/avatar\/e1b02033cf9145ad8d892722a50851e98a68914806aa0fa4b8204caa86832335?s=96&d=mm&r=g","caption":"admin"},"url":"https:\/\/www.biovertix.com\/ca\/author\/vdomus\/"}]}},"_links":{"self":[{"href":"https:\/\/www.biovertix.com\/ca\/wp-json\/wp\/v2\/posts\/1291","targetHints":{"allow":["GET"]}}],"collection":[{"href":"https:\/\/www.biovertix.com\/ca\/wp-json\/wp\/v2\/posts"}],"about":[{"href":"https:\/\/www.biovertix.com\/ca\/wp-json\/wp\/v2\/types\/post"}],"author":[{"embeddable":true,"href":"https:\/\/www.biovertix.com\/ca\/wp-json\/wp\/v2\/users\/1"}],"replies":[{"embeddable":true,"href":"https:\/\/www.biovertix.com\/ca\/wp-json\/wp\/v2\/comments?post=1291"}],"version-history":[{"count":1,"href":"https:\/\/www.biovertix.com\/ca\/wp-json\/wp\/v2\/posts\/1291\/revisions"}],"predecessor-version":[{"id":8567,"href":"https:\/\/www.biovertix.com\/ca\/wp-json\/wp\/v2\/posts\/1291\/revisions\/8567"}],"wp:attachment":[{"href":"https:\/\/www.biovertix.com\/ca\/wp-json\/wp\/v2\/media?parent=1291"}],"wp:term":[{"taxonomy":"category","embeddable":true,"href":"https:\/\/www.biovertix.com\/ca\/wp-json\/wp\/v2\/categories?post=1291"},{"taxonomy":"post_tag","embeddable":true,"href":"https:\/\/www.biovertix.com\/ca\/wp-json\/wp\/v2\/tags?post=1291"}],"curies":[{"name":"wp","href":"https:\/\/api.w.org\/{rel}","templated":true}]}}