{"id":1286,"date":"2021-09-08T10:56:04","date_gmt":"2021-09-08T10:56:04","guid":{"rendered":"https:\/\/www.biovertix.com\/apren-com-potenciar-la-teva-energia-vital-i-gaudiras-de-salut-tota-la-vida\/"},"modified":"2023-12-18T12:22:17","modified_gmt":"2023-12-18T12:22:17","slug":"apren-com-potenciar-la-teva-energia-vital-i-gaudiras-de-salut-tota-la-vida","status":"publish","type":"post","link":"https:\/\/www.biovertix.com\/ca\/apren-com-potenciar-la-teva-energia-vital-i-gaudiras-de-salut-tota-la-vida\/","title":{"rendered":"Apr\u00e8n com potenciar la teva energia vital i gaudir\u00e0s de salut tota la vida"},"content":{"rendered":"<p>La teva salut i la salut dels teus fills estan subjectes a la quantitat d&#8217;energia vital disponible i, saps qui la gestiona?: el teu cervell. <\/p>\n<p>_x000D_<br \/>\n_x000D_<br \/>\nEl nostre cos \u00e9s com una gran empresa dissenyada per funcionar de manera impecable. Aquesta empresa, est\u00e0 dissenyada per produir energia vital, custodia la teva vida i el seu \u00fanic cap \u00e9s el cervell. L&#8217;\u00e8xit de l&#8217;empresa, est\u00e0 relacionat d&#8217;una banda amb la qualitat de les mat\u00e8ries primeres ingerides: dieta, aigua i oxigeno i, per una altra, amb la qualitat de la comunicaci\u00f3 del gran cap amb tots els departaments i empleats: m\u00fasculs, ossos, \u00f2rgans, c\u00e8l\u00b7lules&#8230;<\/p>\n<p>_x000D_<br \/>\n_x000D_<br \/>\nQuan les v\u00e8rtebres es bloquegen, perden el seu moviment i correcta alineaci\u00f3 disminuint l&#8217;espai per on passen els nervis espinals. Aquests bloquejos, anomenats \u2018subluxacions vertebrals\u2019, impedeixen que el cervell comuniqui b\u00e9 amb aquells \u2018departaments\u2019 de l&#8217;empresa \u201ccos\u201d. Els respectius departaments treballen amb menys efici\u00e8ncia. Altres departaments hauran de compensar aquests d\u00e8ficits i, per tant, malgastem energia. Si triguem a arreglar el problema ajustant aquestes vertebres, els s\u00edmptomes cl\u00ednics no trigaran a manifestar-se. A poc a poc, entrarem en crisi energ\u00e8tica. <\/p>\n<p>_x000D_<br \/>\n_x000D_<br \/>\nAt\u00e8s que els m\u00fasculs de l&#8217;esquena es \u201clliguen\u201d en les vertebres, quan un grup muscular es contreu m\u00e9s d&#8217;una part, les respectives vertebres es giren o s&#8217;inclinen en aquella adre\u00e7a. Els discos i els lligaments intervertebrals es comprimeixen. \u00c9s conseq\u00fc\u00e8ncia normal de l&#8217;\u00fas (o ab\u00fas) del nostre cos. <\/p>\n<p>_x000D_<br \/>\n_x000D_<br \/>\n<b>Encara que no dolgui gens, les subluxacions vertebrals poden estan latents com les c\u00e0ries dentals. Poden passar molts anys fins que apareguin s\u00edmptomes de dolor. <\/p>\n<p><\/b>_x000D_<br \/>\n_x000D_<br \/>\nLa majoria de la gent creu que si un fa esport regularment, no necessita passar per revisions m\u00e8diques de columna. \u00c9s cert que el moviment i els esports s\u00f3n molt saludables. Ara b\u00e9, si ho pensem detingudament, la majoria dels esports sol\u00b7liciten els m\u00fasculs i les articulacions d&#8217;una manera asim\u00e8trica: en el futbol es pivota sobre una cama per xutar; en l&#8217;handbol, b\u00e0squet, volei, tennis i golf s&#8217;usa un bra\u00e7 per copejar la pilota; tamb\u00e9 es fan moviments asim\u00e8trics en la nataci\u00f3 ja que habitualment nom\u00e9s respirem cap a un costat.<\/p>\n<p>_x000D_<br \/>\n_x000D_<br \/>\nQuan les subluxacions vertebrals es tornen cr\u00f2niques, avan\u00e7a el desgast articular i disminueix l&#8217;espai per on passen els nervis espinals, que connecten el cervell amb la resta del cos. <\/p>\n<p>_x000D_<br \/>\n_x000D_<br \/>\n<b>Aix\u00ed que el primer pas per augmentar l&#8217;energia vital \u00e9s corregir les subluxacions vertebrals. Tots necessitem ajustos vertebrals peri\u00f2dics de columna, sense excepci\u00f3.<\/b><\/p>\n","protected":false},"excerpt":{"rendered":"<p>La teva salut i la salut dels teus fills estan subjectes a la quantitat d&#8217;energia vital disponible i, saps qui la gestiona?: el teu cervell. _x000D_ _x000D_ El nostre cos \u00e9s com una gran empresa dissenyada per funcionar de manera impecable. Aquesta empresa, est\u00e0 dissenyada per produir energia vital, custodia la teva vida i el&hellip;<\/p>\n","protected":false},"author":1,"featured_media":0,"comment_status":"closed","ping_status":"closed","sticky":false,"template":"","format":"standard","meta":{"footnotes":""},"categories":[58,66],"tags":[],"class_list":["post-1286","post","type-post","status-publish","format-standard","hentry","category-estil-de-vida-saludable","category-quiropractica-ca","category-58","category-66","description-off"],"yoast_head":"<!-- This site is optimized with the Yoast SEO plugin v27.4 - https:\/\/yoast.com\/product\/yoast-seo-wordpress\/ -->\n<title>Apr\u00e8n com potenciar la teva energia vital i gaudir\u00e0s de salut tota la vida - Biovertix - Centro de salud integral.<\/title>\n<meta name=\"robots\" content=\"index, follow, max-snippet:-1, max-image-preview:large, max-video-preview:-1\" \/>\n<link rel=\"canonical\" href=\"https:\/\/www.biovertix.com\/ca\/apren-com-potenciar-la-teva-energia-vital-i-gaudiras-de-salut-tota-la-vida\/\" \/>\n<meta property=\"og:locale\" content=\"ca_ES\" \/>\n<meta property=\"og:type\" content=\"article\" \/>\n<meta property=\"og:title\" content=\"Apr\u00e8n com potenciar la teva energia vital i gaudir\u00e0s de salut tota la vida - Biovertix - Centro de salud integral.\" \/>\n<meta property=\"og:description\" content=\"La teva salut i la salut dels teus fills estan subjectes a la quantitat d&#8217;energia vital disponible i, saps qui la gestiona?: el teu cervell. _x000D_ _x000D_ El nostre cos \u00e9s com una gran empresa dissenyada per funcionar de manera impecable. Aquesta empresa, est\u00e0 dissenyada per produir energia vital, custodia la teva vida i el&hellip;\" \/>\n<meta property=\"og:url\" content=\"https:\/\/www.biovertix.com\/ca\/apren-com-potenciar-la-teva-energia-vital-i-gaudiras-de-salut-tota-la-vida\/\" \/>\n<meta property=\"og:site_name\" content=\"Biovertix - Centro de salud integral.\" \/>\n<meta property=\"article:publisher\" content=\"https:\/\/www.facebook.com\/doctoraolaru\" \/>\n<meta property=\"article:published_time\" content=\"2021-09-08T10:56:04+00:00\" \/>\n<meta property=\"article:modified_time\" content=\"2023-12-18T12:22:17+00:00\" \/>\n<meta name=\"author\" content=\"admin\" \/>\n<meta name=\"twitter:card\" content=\"summary_large_image\" \/>\n<meta name=\"twitter:label1\" content=\"Escrit per\" \/>\n\t<meta name=\"twitter:data1\" content=\"admin\" \/>\n\t<meta name=\"twitter:label2\" content=\"Temps estimat de lectura\" \/>\n\t<meta name=\"twitter:data2\" content=\"2 minuts\" \/>\n<script type=\"application\/ld+json\" class=\"yoast-schema-graph\">{\"@context\":\"https:\\\/\\\/schema.org\",\"@graph\":[{\"@type\":\"Article\",\"@id\":\"https:\\\/\\\/www.biovertix.com\\\/ca\\\/apren-com-potenciar-la-teva-energia-vital-i-gaudiras-de-salut-tota-la-vida\\\/#article\",\"isPartOf\":{\"@id\":\"https:\\\/\\\/www.biovertix.com\\\/ca\\\/apren-com-potenciar-la-teva-energia-vital-i-gaudiras-de-salut-tota-la-vida\\\/\"},\"author\":{\"name\":\"admin\",\"@id\":\"https:\\\/\\\/www.biovertix.com\\\/#\\\/schema\\\/person\\\/cb99eb1f260522a24e94b0ed9599e60c\"},\"headline\":\"Apr\u00e8n com potenciar la teva energia vital i gaudir\u00e0s de salut tota la vida\",\"datePublished\":\"2021-09-08T10:56:04+00:00\",\"dateModified\":\"2023-12-18T12:22:17+00:00\",\"mainEntityOfPage\":{\"@id\":\"https:\\\/\\\/www.biovertix.com\\\/ca\\\/apren-com-potenciar-la-teva-energia-vital-i-gaudiras-de-salut-tota-la-vida\\\/\"},\"wordCount\":485,\"publisher\":{\"@id\":\"https:\\\/\\\/www.biovertix.com\\\/#organization\"},\"articleSection\":[\"Estil de vida saludable\",\"Quiropr\u00e0ctica\"],\"inLanguage\":\"ca\"},{\"@type\":\"WebPage\",\"@id\":\"https:\\\/\\\/www.biovertix.com\\\/ca\\\/apren-com-potenciar-la-teva-energia-vital-i-gaudiras-de-salut-tota-la-vida\\\/\",\"url\":\"https:\\\/\\\/www.biovertix.com\\\/ca\\\/apren-com-potenciar-la-teva-energia-vital-i-gaudiras-de-salut-tota-la-vida\\\/\",\"name\":\"Apr\u00e8n com potenciar la teva energia vital i gaudir\u00e0s de salut tota la vida - Biovertix - Centro de salud integral.\",\"isPartOf\":{\"@id\":\"https:\\\/\\\/www.biovertix.com\\\/#website\"},\"datePublished\":\"2021-09-08T10:56:04+00:00\",\"dateModified\":\"2023-12-18T12:22:17+00:00\",\"breadcrumb\":{\"@id\":\"https:\\\/\\\/www.biovertix.com\\\/ca\\\/apren-com-potenciar-la-teva-energia-vital-i-gaudiras-de-salut-tota-la-vida\\\/#breadcrumb\"},\"inLanguage\":\"ca\",\"potentialAction\":[{\"@type\":\"ReadAction\",\"target\":[\"https:\\\/\\\/www.biovertix.com\\\/ca\\\/apren-com-potenciar-la-teva-energia-vital-i-gaudiras-de-salut-tota-la-vida\\\/\"]}]},{\"@type\":\"BreadcrumbList\",\"@id\":\"https:\\\/\\\/www.biovertix.com\\\/ca\\\/apren-com-potenciar-la-teva-energia-vital-i-gaudiras-de-salut-tota-la-vida\\\/#breadcrumb\",\"itemListElement\":[{\"@type\":\"ListItem\",\"position\":1,\"name\":\"Portada\",\"item\":\"https:\\\/\\\/www.biovertix.com\\\/ca\\\/inicio\\\/\"},{\"@type\":\"ListItem\",\"position\":2,\"name\":\"Apr\u00e8n com potenciar la teva energia vital i gaudir\u00e0s de salut tota la vida\"}]},{\"@type\":\"WebSite\",\"@id\":\"https:\\\/\\\/www.biovertix.com\\\/#website\",\"url\":\"https:\\\/\\\/www.biovertix.com\\\/\",\"name\":\"Biovertix - Centro de salud integral.\",\"description\":\"Salud integrativa y quiropr\u00e1ctica en Barcelona\",\"publisher\":{\"@id\":\"https:\\\/\\\/www.biovertix.com\\\/#organization\"},\"potentialAction\":[{\"@type\":\"SearchAction\",\"target\":{\"@type\":\"EntryPoint\",\"urlTemplate\":\"https:\\\/\\\/www.biovertix.com\\\/?s={search_term_string}\"},\"query-input\":{\"@type\":\"PropertyValueSpecification\",\"valueRequired\":true,\"valueName\":\"search_term_string\"}}],\"inLanguage\":\"ca\"},{\"@type\":\"Organization\",\"@id\":\"https:\\\/\\\/www.biovertix.com\\\/#organization\",\"name\":\"Biovertix - Centro de salud integral.\",\"url\":\"https:\\\/\\\/www.biovertix.com\\\/\",\"logo\":{\"@type\":\"ImageObject\",\"inLanguage\":\"ca\",\"@id\":\"https:\\\/\\\/www.biovertix.com\\\/#\\\/schema\\\/logo\\\/image\\\/\",\"url\":\"https:\\\/\\\/www.biovertix.com\\\/wp-content\\\/uploads\\\/2021\\\/07\\\/biovertix-retina.png\",\"contentUrl\":\"https:\\\/\\\/www.biovertix.com\\\/wp-content\\\/uploads\\\/2021\\\/07\\\/biovertix-retina.png\",\"width\":364,\"height\":170,\"caption\":\"Biovertix - Centro de salud integral.\"},\"image\":{\"@id\":\"https:\\\/\\\/www.biovertix.com\\\/#\\\/schema\\\/logo\\\/image\\\/\"},\"sameAs\":[\"https:\\\/\\\/www.facebook.com\\\/doctoraolaru\"]},{\"@type\":\"Person\",\"@id\":\"https:\\\/\\\/www.biovertix.com\\\/#\\\/schema\\\/person\\\/cb99eb1f260522a24e94b0ed9599e60c\",\"name\":\"admin\",\"image\":{\"@type\":\"ImageObject\",\"inLanguage\":\"ca\",\"@id\":\"https:\\\/\\\/secure.gravatar.com\\\/avatar\\\/e1b02033cf9145ad8d892722a50851e98a68914806aa0fa4b8204caa86832335?s=96&d=mm&r=g\",\"url\":\"https:\\\/\\\/secure.gravatar.com\\\/avatar\\\/e1b02033cf9145ad8d892722a50851e98a68914806aa0fa4b8204caa86832335?s=96&d=mm&r=g\",\"contentUrl\":\"https:\\\/\\\/secure.gravatar.com\\\/avatar\\\/e1b02033cf9145ad8d892722a50851e98a68914806aa0fa4b8204caa86832335?s=96&d=mm&r=g\",\"caption\":\"admin\"},\"url\":\"https:\\\/\\\/www.biovertix.com\\\/ca\\\/author\\\/vdomus\\\/\"}]}<\/script>\n<!-- \/ Yoast SEO plugin. -->","yoast_head_json":{"title":"Apr\u00e8n com potenciar la teva energia vital i gaudir\u00e0s de salut tota la vida - Biovertix - Centro de salud integral.","robots":{"index":"index","follow":"follow","max-snippet":"max-snippet:-1","max-image-preview":"max-image-preview:large","max-video-preview":"max-video-preview:-1"},"canonical":"https:\/\/www.biovertix.com\/ca\/apren-com-potenciar-la-teva-energia-vital-i-gaudiras-de-salut-tota-la-vida\/","og_locale":"ca_ES","og_type":"article","og_title":"Apr\u00e8n com potenciar la teva energia vital i gaudir\u00e0s de salut tota la vida - Biovertix - Centro de salud integral.","og_description":"La teva salut i la salut dels teus fills estan subjectes a la quantitat d&#8217;energia vital disponible i, saps qui la gestiona?: el teu cervell. _x000D_ _x000D_ El nostre cos \u00e9s com una gran empresa dissenyada per funcionar de manera impecable. Aquesta empresa, est\u00e0 dissenyada per produir energia vital, custodia la teva vida i el&hellip;","og_url":"https:\/\/www.biovertix.com\/ca\/apren-com-potenciar-la-teva-energia-vital-i-gaudiras-de-salut-tota-la-vida\/","og_site_name":"Biovertix - Centro de salud integral.","article_publisher":"https:\/\/www.facebook.com\/doctoraolaru","article_published_time":"2021-09-08T10:56:04+00:00","article_modified_time":"2023-12-18T12:22:17+00:00","author":"admin","twitter_card":"summary_large_image","twitter_misc":{"Escrit per":"admin","Temps estimat de lectura":"2 minuts"},"schema":{"@context":"https:\/\/schema.org","@graph":[{"@type":"Article","@id":"https:\/\/www.biovertix.com\/ca\/apren-com-potenciar-la-teva-energia-vital-i-gaudiras-de-salut-tota-la-vida\/#article","isPartOf":{"@id":"https:\/\/www.biovertix.com\/ca\/apren-com-potenciar-la-teva-energia-vital-i-gaudiras-de-salut-tota-la-vida\/"},"author":{"name":"admin","@id":"https:\/\/www.biovertix.com\/#\/schema\/person\/cb99eb1f260522a24e94b0ed9599e60c"},"headline":"Apr\u00e8n com potenciar la teva energia vital i gaudir\u00e0s de salut tota la vida","datePublished":"2021-09-08T10:56:04+00:00","dateModified":"2023-12-18T12:22:17+00:00","mainEntityOfPage":{"@id":"https:\/\/www.biovertix.com\/ca\/apren-com-potenciar-la-teva-energia-vital-i-gaudiras-de-salut-tota-la-vida\/"},"wordCount":485,"publisher":{"@id":"https:\/\/www.biovertix.com\/#organization"},"articleSection":["Estil de vida saludable","Quiropr\u00e0ctica"],"inLanguage":"ca"},{"@type":"WebPage","@id":"https:\/\/www.biovertix.com\/ca\/apren-com-potenciar-la-teva-energia-vital-i-gaudiras-de-salut-tota-la-vida\/","url":"https:\/\/www.biovertix.com\/ca\/apren-com-potenciar-la-teva-energia-vital-i-gaudiras-de-salut-tota-la-vida\/","name":"Apr\u00e8n com potenciar la teva energia vital i gaudir\u00e0s de salut tota la vida - Biovertix - Centro de salud integral.","isPartOf":{"@id":"https:\/\/www.biovertix.com\/#website"},"datePublished":"2021-09-08T10:56:04+00:00","dateModified":"2023-12-18T12:22:17+00:00","breadcrumb":{"@id":"https:\/\/www.biovertix.com\/ca\/apren-com-potenciar-la-teva-energia-vital-i-gaudiras-de-salut-tota-la-vida\/#breadcrumb"},"inLanguage":"ca","potentialAction":[{"@type":"ReadAction","target":["https:\/\/www.biovertix.com\/ca\/apren-com-potenciar-la-teva-energia-vital-i-gaudiras-de-salut-tota-la-vida\/"]}]},{"@type":"BreadcrumbList","@id":"https:\/\/www.biovertix.com\/ca\/apren-com-potenciar-la-teva-energia-vital-i-gaudiras-de-salut-tota-la-vida\/#breadcrumb","itemListElement":[{"@type":"ListItem","position":1,"name":"Portada","item":"https:\/\/www.biovertix.com\/ca\/inicio\/"},{"@type":"ListItem","position":2,"name":"Apr\u00e8n com potenciar la teva energia vital i gaudir\u00e0s de salut tota la vida"}]},{"@type":"WebSite","@id":"https:\/\/www.biovertix.com\/#website","url":"https:\/\/www.biovertix.com\/","name":"Biovertix - Centro de salud integral.","description":"Salud integrativa y quiropr\u00e1ctica en Barcelona","publisher":{"@id":"https:\/\/www.biovertix.com\/#organization"},"potentialAction":[{"@type":"SearchAction","target":{"@type":"EntryPoint","urlTemplate":"https:\/\/www.biovertix.com\/?s={search_term_string}"},"query-input":{"@type":"PropertyValueSpecification","valueRequired":true,"valueName":"search_term_string"}}],"inLanguage":"ca"},{"@type":"Organization","@id":"https:\/\/www.biovertix.com\/#organization","name":"Biovertix - Centro de salud integral.","url":"https:\/\/www.biovertix.com\/","logo":{"@type":"ImageObject","inLanguage":"ca","@id":"https:\/\/www.biovertix.com\/#\/schema\/logo\/image\/","url":"https:\/\/www.biovertix.com\/wp-content\/uploads\/2021\/07\/biovertix-retina.png","contentUrl":"https:\/\/www.biovertix.com\/wp-content\/uploads\/2021\/07\/biovertix-retina.png","width":364,"height":170,"caption":"Biovertix - Centro de salud integral."},"image":{"@id":"https:\/\/www.biovertix.com\/#\/schema\/logo\/image\/"},"sameAs":["https:\/\/www.facebook.com\/doctoraolaru"]},{"@type":"Person","@id":"https:\/\/www.biovertix.com\/#\/schema\/person\/cb99eb1f260522a24e94b0ed9599e60c","name":"admin","image":{"@type":"ImageObject","inLanguage":"ca","@id":"https:\/\/secure.gravatar.com\/avatar\/e1b02033cf9145ad8d892722a50851e98a68914806aa0fa4b8204caa86832335?s=96&d=mm&r=g","url":"https:\/\/secure.gravatar.com\/avatar\/e1b02033cf9145ad8d892722a50851e98a68914806aa0fa4b8204caa86832335?s=96&d=mm&r=g","contentUrl":"https:\/\/secure.gravatar.com\/avatar\/e1b02033cf9145ad8d892722a50851e98a68914806aa0fa4b8204caa86832335?s=96&d=mm&r=g","caption":"admin"},"url":"https:\/\/www.biovertix.com\/ca\/author\/vdomus\/"}]}},"_links":{"self":[{"href":"https:\/\/www.biovertix.com\/ca\/wp-json\/wp\/v2\/posts\/1286","targetHints":{"allow":["GET"]}}],"collection":[{"href":"https:\/\/www.biovertix.com\/ca\/wp-json\/wp\/v2\/posts"}],"about":[{"href":"https:\/\/www.biovertix.com\/ca\/wp-json\/wp\/v2\/types\/post"}],"author":[{"embeddable":true,"href":"https:\/\/www.biovertix.com\/ca\/wp-json\/wp\/v2\/users\/1"}],"replies":[{"embeddable":true,"href":"https:\/\/www.biovertix.com\/ca\/wp-json\/wp\/v2\/comments?post=1286"}],"version-history":[{"count":1,"href":"https:\/\/www.biovertix.com\/ca\/wp-json\/wp\/v2\/posts\/1286\/revisions"}],"predecessor-version":[{"id":8563,"href":"https:\/\/www.biovertix.com\/ca\/wp-json\/wp\/v2\/posts\/1286\/revisions\/8563"}],"wp:attachment":[{"href":"https:\/\/www.biovertix.com\/ca\/wp-json\/wp\/v2\/media?parent=1286"}],"wp:term":[{"taxonomy":"category","embeddable":true,"href":"https:\/\/www.biovertix.com\/ca\/wp-json\/wp\/v2\/categories?post=1286"},{"taxonomy":"post_tag","embeddable":true,"href":"https:\/\/www.biovertix.com\/ca\/wp-json\/wp\/v2\/tags?post=1286"}],"curies":[{"name":"wp","href":"https:\/\/api.w.org\/{rel}","templated":true}]}}